{"id":35300,"date":"2023-09-09T17:58:55","date_gmt":"2023-09-09T15:58:55","guid":{"rendered":"https:\/\/www.forum-soegel.de\/information\/?p=35300"},"modified":"2023-09-09T17:58:55","modified_gmt":"2023-09-09T15:58:55","slug":"faires-fruehstueck-auf-dem-marktplatz-soegel","status":"publish","type":"post","link":"https:\/\/www.forum-soegel.de\/information\/2023\/09\/faires-fruehstueck-auf-dem-marktplatz-soegel\/","title":{"rendered":"Faires Fr\u00fchst\u00fcck auf dem Marktplatz S\u00f6gel"},"content":{"rendered":"\n<p>Die Steuergruppe Fairtrade Town S\u00f6gel und die Marktbeschicker des Wochenmarktes laden am Freitag, dem 15.09.2023, von 09:00 bis 12:00 Uhr zu einem \u201efairen\u201c Fr\u00fchst\u00fcck ein. Die Marktbeschicker spendieren dabei Brot, Wurst, K\u00e4se, Fisch, Honig, Marmelade und Eier. Der Weltladen S\u00f6gel liefert fair gehandelten Kaffee, Tee und O-Saft. Ein Verkaufsstand mit fair gehandelten Artikeln wird von Kindern des Familienzentrums St. Jakobus betreut. Das \u201efaire\u201c Fr\u00fchst\u00fcck ist kostenfrei, eine Spende w\u00e4re sch\u00f6n. Sch\u00fcler und Sch\u00fclerinnen aus dem 13. Jahrgang des H\u00fcmmling-Gymnasiums informieren \u00fcber Fairtrade und bieten zu dem die M\u00f6glichkeit, den eigenen individuellen CO\u2082-Abdruck zu ermitteln.<\/p>\n\n\n\n<p>Die Gemeinde S\u00f6gel darf sich seit 2020 als Fairtrade-Gemeinde bezeichnen. Mehrere S\u00f6geler Unternehmen sind mittlerweile als Fairtrade-Unternehmen ausgezeichnet worden, wie die Apotheke am Amtsbrunnen, Caf\u00e9 \u201eZum Amtsbrunnen\u201c, Hotel Clemenswerther Hof, Sportika JEM-sportswear GmbH sowie Wein und Genuss.<\/p>\n","protected":false},"excerpt":{"rendered":"Die Steuergruppe Fairtrade Town S\u00f6gel und die Marktbeschicker des Wochenmarktes laden am Freitag, dem 15.09.2023, von 09:00 bis 12:00 Uhr zu einem \u201efairen\u201c Fr\u00fchst\u00fcck ein. Die Marktbeschicker spendieren dabei Brot, Wurst, K\u00e4se, Fisch, Honig, Marmelade und Eier. Der Weltladen S\u00f6gel liefert fair gehandelten Kaffee, Tee und O-Saft. Ein Verkaufsstand mit fair gehandelten Artikeln wird von [&hellip;]\n","protected":false},"author":2,"featured_media":0,"comment_status":"closed","ping_status":"closed","sticky":false,"template":"","format":"standard","meta":{"ngg_post_thumbnail":0,"footnotes":""},"categories":[3,11],"tags":[],"class_list":["post-35300","post","type-post","status-publish","format-standard","hentry","category-aktuelles-aus-der-region","category-termine"],"_links":{"self":[{"href":"https:\/\/www.forum-soegel.de\/information\/wp-json\/wp\/v2\/posts\/35300","targetHints":{"allow":["GET"]}}],"collection":[{"href":"https:\/\/www.forum-soegel.de\/information\/wp-json\/wp\/v2\/posts"}],"about":[{"href":"https:\/\/www.forum-soegel.de\/information\/wp-json\/wp\/v2\/types\/post"}],"author":[{"embeddable":true,"href":"https:\/\/www.forum-soegel.de\/information\/wp-json\/wp\/v2\/users\/2"}],"replies":[{"embeddable":true,"href":"https:\/\/www.forum-soegel.de\/information\/wp-json\/wp\/v2\/comments?post=35300"}],"version-history":[{"count":1,"href":"https:\/\/www.forum-soegel.de\/information\/wp-json\/wp\/v2\/posts\/35300\/revisions"}],"predecessor-version":[{"id":35301,"href":"https:\/\/www.forum-soegel.de\/information\/wp-json\/wp\/v2\/posts\/35300\/revisions\/35301"}],"wp:attachment":[{"href":"https:\/\/www.forum-soegel.de\/information\/wp-json\/wp\/v2\/media?parent=35300"}],"wp:term":[{"taxonomy":"category","embeddable":true,"href":"https:\/\/www.forum-soegel.de\/information\/wp-json\/wp\/v2\/categories?post=35300"},{"taxonomy":"post_tag","embeddable":true,"href":"https:\/\/www.forum-soegel.de\/information\/wp-json\/wp\/v2\/tags?post=35300"}],"curies":[{"name":"wp","href":"https:\/\/api.w.org\/{rel}","templated":true}]}}