{"id":3528,"date":"2010-10-27T20:16:56","date_gmt":"2010-10-27T18:16:56","guid":{"rendered":"https:\/\/www.forum-soegel.de\/information\/?p=3528"},"modified":"2010-10-27T20:18:27","modified_gmt":"2010-10-27T18:18:27","slug":"3528","status":"publish","type":"post","link":"https:\/\/www.forum-soegel.de\/information\/2010\/10\/3528\/","title":{"rendered":"CDU der Samtgemeinde S\u00f6gel auf den Spuren Europas"},"content":{"rendered":"<p>Vom 8. bis zum 12. September unternah\u00admen 36 Mitglieder der CDU-Ortsvereine aus der Samtgemeinde S\u00f6gel eine Bildungs\u00adfahrt nach Stra\u00dfburg. Die von Kurt Griess organisierte Fahrt f\u00fchrte zuerst zum Parlament der europ\u00e4ischen Union. Die Gruppe wurde dort von dem pers\u00f6nlichen Referent und B\u00fcroleiter unseres CDU Abgeordneten Prof. Dr. Hans-Gerd P\u00f6ttering empfangen. Dieser gab einen Einblick in die Funktions\u00adweise und Rolle des Parlaments. Danach konnte die Gruppe an der Sitzung des Parlamentes teilnehmen. Tagesord\u00adnungspunkt war die Beantwortung ei\u00adner Anfrage zu den Postdiensten in der Gemeinschaft.<\/p>\n<p>Zur Abstimmung \u00fcber einer Reihe von Entschlie\u00dfungsantr\u00e4gen erschienen 634 Abgeordnete im Sitzungssaal. F\u00fcr die Orts\u00advereinsmitglieder als Zuschauer war das Verfahren und dasTempo der Abstimmung zu den einzelnen Antr\u00e4gen beeindruckend. Danach stellte P\u00f6ttering, (seit 1979 Mitglied und von Januar 2007-Juli 2009 Pr\u00e4sident des Parlaments) Europa als Wertegemeinschaft und als Wirtschafts- Kultur- und Geschichts- Union dar. In der anschlie\u00dfenden Frage- und Diskus\u00adsionsrunde wurden zun\u00e4chst von P\u00f6ttering die f\u00fcr Europa in Gesetzen zu regelnden Probleme an\u00adgesprochen, anschlie\u00dfend aktuelle Themen unserer Region. Am\u00a0n\u00e4chsten Tag stand\u00a0der Besuch\u00a0des Europarates, ebenfalls in Stra\u00dfburg, auf dem Programm. Nach\u00a0der\u00a0Be\u00adsichtigung des Sitzungssaales wurde \u00fcber die Aufgaben des Europarates:<\/p>\n<p>\u201eSchutz der Menschenrechte-Schutz der De\u00admokratie-Wahrung der Rechtsstaatlichkeit&#8220; referiert. In der anschlie\u00dfenden Diskussion wurde \u00fcber den Sinn und die Aufgaben des Europarates, sowie die daraus resultieren\u00adden Kosten diskutiert. Beim Besuch der Polizeistation Kehle stellte ein Polizeibeamter die Probleme und die L\u00f6sungsans\u00e4tze f\u00fcr die polizeili\u00adche Zusammenarbeit in Grenzraum vor. In seiner Schlussbetrachtung stellte der Dozent die Tugenden: Lernen, Toleranz und Geduld als unabdingbare Voraussetzungen f\u00fcr internationale Zusammenarbeit heraus. Dieser Vortrag war f\u00fcr die Teilnehmer auch deshalb interessant, weil wir in der Grenz\u00adregion zu den Niederlanden vor \u00e4hnlichen Problemen stehen. Am Samstag besuchten die Teilnehmer auf der Fahrt nach Colmar (Frankreich) die Europastadt Breisach. In dieser Grenzstadt sprachen sich bereits am 9. Juli 1950 nach leidvoller Erfahrung und im Bewusstsein eines notwendigen friedvollen Zusammen\u00adlebens 96% der W\u00e4hlerf\u00fcrein einiges und freies Europa aus. Diese fr\u00fche Entscheidung war die Grundlage f\u00fcr die Verleihung des Ehrentitels Europastadt. Als letzterTermin wurde Freiburg besucht. Es stand unter anderem die Besichtigung des Freiburger M\u00fcnster auf dem Programm.<\/p>\n<p>Text\/Foto:: Werner R\u00fcdebusch<\/p>\n<p><a href=\"https:\/\/www.forum-soegel.de\/information\/wp-content\/uploads\/2010\/10\/CDU-der-Samtgemeinde-S\u00f6gel_0121.jpg\"><img loading=\"lazy\" decoding=\"async\" class=\"alignnone size-medium wp-image-3530\" title=\"CDU der Samtgemeinde S\u00f6gel_012\" src=\"https:\/\/www.forum-soegel.de\/information\/wp-content\/uploads\/2010\/10\/CDU-der-Samtgemeinde-S\u00f6gel_0121-300x199.jpg\" alt=\"\" width=\"300\" height=\"199\" srcset=\"https:\/\/www.forum-soegel.de\/information\/wp-content\/uploads\/2010\/10\/CDU-der-Samtgemeinde-S\u00f6gel_0121-300x199.jpg 300w, https:\/\/www.forum-soegel.de\/information\/wp-content\/uploads\/2010\/10\/CDU-der-Samtgemeinde-S\u00f6gel_0121.jpg 1024w\" sizes=\"auto, (max-width: 300px) 100vw, 300px\" \/><\/a><\/p>\n","protected":false},"excerpt":{"rendered":"Vom 8. bis zum 12. September unternah\u00admen 36 Mitglieder der CDU-Ortsvereine aus der Samtgemeinde S\u00f6gel eine Bildungs\u00adfahrt nach Stra\u00dfburg. Die von Kurt Griess organisierte Fahrt f\u00fchrte zuerst zum Parlament der europ\u00e4ischen Union. Die Gruppe wurde dort von dem pers\u00f6nlichen Referent und B\u00fcroleiter unseres CDU Abgeordneten Prof. Dr. Hans-Gerd P\u00f6ttering empfangen. Dieser gab einen Einblick in [&hellip;]\n","protected":false},"author":2,"featured_media":0,"comment_status":"closed","ping_status":"closed","sticky":false,"template":"","format":"standard","meta":{"ngg_post_thumbnail":0,"footnotes":""},"categories":[3],"tags":[116,481,479,480],"class_list":["post-3528","post","type-post","status-publish","format-standard","hentry","category-aktuelles-aus-der-region","tag-cdu","tag-europaparlament","tag-freiburg","tag-strasburg"],"_links":{"self":[{"href":"https:\/\/www.forum-soegel.de\/information\/wp-json\/wp\/v2\/posts\/3528","targetHints":{"allow":["GET"]}}],"collection":[{"href":"https:\/\/www.forum-soegel.de\/information\/wp-json\/wp\/v2\/posts"}],"about":[{"href":"https:\/\/www.forum-soegel.de\/information\/wp-json\/wp\/v2\/types\/post"}],"author":[{"embeddable":true,"href":"https:\/\/www.forum-soegel.de\/information\/wp-json\/wp\/v2\/users\/2"}],"replies":[{"embeddable":true,"href":"https:\/\/www.forum-soegel.de\/information\/wp-json\/wp\/v2\/comments?post=3528"}],"version-history":[{"count":3,"href":"https:\/\/www.forum-soegel.de\/information\/wp-json\/wp\/v2\/posts\/3528\/revisions"}],"predecessor-version":[{"id":3532,"href":"https:\/\/www.forum-soegel.de\/information\/wp-json\/wp\/v2\/posts\/3528\/revisions\/3532"}],"wp:attachment":[{"href":"https:\/\/www.forum-soegel.de\/information\/wp-json\/wp\/v2\/media?parent=3528"}],"wp:term":[{"taxonomy":"category","embeddable":true,"href":"https:\/\/www.forum-soegel.de\/information\/wp-json\/wp\/v2\/categories?post=3528"},{"taxonomy":"post_tag","embeddable":true,"href":"https:\/\/www.forum-soegel.de\/information\/wp-json\/wp\/v2\/tags?post=3528"}],"curies":[{"name":"wp","href":"https:\/\/api.w.org\/{rel}","templated":true}]}}