{"id":35262,"date":"2023-09-09T17:42:00","date_gmt":"2023-09-09T15:42:00","guid":{"rendered":"https:\/\/www.forum-soegel.de\/information\/?p=35262"},"modified":"2023-09-09T17:42:00","modified_gmt":"2023-09-09T15:42:00","slug":"politische-jugendbildung-im-emsland-marstall-clemenswerth-und-jugendkloster-ahmsen-bauen-schwerpunkt-weiter-aus","status":"publish","type":"post","link":"https:\/\/www.forum-soegel.de\/information\/2023\/09\/politische-jugendbildung-im-emsland-marstall-clemenswerth-und-jugendkloster-ahmsen-bauen-schwerpunkt-weiter-aus\/","title":{"rendered":"Politische Jugendbildung im Emsland &#8211; Marstall Clemenswerth und Jugendkloster Ahmsen bauen Schwerpunkt weiter aus"},"content":{"rendered":"<div class=\"wp-block-image\">\n<figure class=\"alignleft size-large is-resized\"><a href=\"https:\/\/www.forum-soegel.de\/information\/wp-content\/uploads\/2023\/09\/Politische-Jugendbildung-im-Emsland-1.jpg\"><img loading=\"lazy\" decoding=\"async\" src=\"https:\/\/www.forum-soegel.de\/information\/wp-content\/uploads\/2023\/09\/Politische-Jugendbildung-im-Emsland-1-1024x768.jpg\" alt=\"\" class=\"wp-image-35263\" style=\"width:343px;height:257px\" width=\"343\" height=\"257\" srcset=\"https:\/\/www.forum-soegel.de\/information\/wp-content\/uploads\/2023\/09\/Politische-Jugendbildung-im-Emsland-1-1024x768.jpg 1024w, https:\/\/www.forum-soegel.de\/information\/wp-content\/uploads\/2023\/09\/Politische-Jugendbildung-im-Emsland-1-300x225.jpg 300w, https:\/\/www.forum-soegel.de\/information\/wp-content\/uploads\/2023\/09\/Politische-Jugendbildung-im-Emsland-1-768x576.jpg 768w, https:\/\/www.forum-soegel.de\/information\/wp-content\/uploads\/2023\/09\/Politische-Jugendbildung-im-Emsland-1.jpg 1155w\" sizes=\"auto, (max-width: 343px) 100vw, 343px\" \/><\/a><\/figure>\n<\/div>\n\n\n<p>S\u00f6gel &#8211; Politische Bildung wurde in der Jugendbildungsst\u00e4tte Marstall Clemenswerth und im Jugendkloster Ahmsen schon immer gro\u00dfgeschrieben. So wurden zwei Stellen mit dem Schwerpunkt auf politischer Jugendbildung geschaffen, welche von Bildungsreferentin Jana Rolfes und Bildungsreferent Jan Eric Leffers geleitet werden.<\/p>\n\n\n\n<p>Die Jugendbildungsst\u00e4tte Marstall Clemenswerth und das Jugendkloster Ahmsen sind \u00fcberverbandlich wirkende katholische Bildungsst\u00e4tten der Di\u00f6zese Osnabr\u00fcck. Seit vielen Jahren ist der Tr\u00e4gerverein \u201eMarstall Clemenswerth &amp; Jugendkloster Ahmsen e.V.\u201c aktives Mitglied der \u201eArbeitsgemeinschaft katholisch-sozialer Bildungswerke in der Bundesrepublik Deutschland e.V.\u201c (kurz: AKSB).<\/p>\n\n\n\n<p>Die AKSB repr\u00e4sentiert rund 60 katholische Akademien, Bildungseinrichtungen, Vereine und Verb\u00e4nde. Die Mitgliedseinrichtungen bieten Bildungsveranstaltungen an, in denen Informationen und Hintergr\u00fcnde \u00fcber wichtige gesellschaftsrelevante Themen vermittelt und Fragen des Zusammenlebens diskutiert werden.<\/p>\n\n\n\n<p>Diese Themen k\u00f6nnen unter anderem Nachhaltigkeit, Diskriminierung oder Demokratiebildung sein. Somit wurden Stellen geschaffen, welche von den Bildungsrefent*innen in den verschiedenen Einrichtungen besetzt werden.<\/p>\n\n\n\n<p>Eine dieser Stellen hat Jana Rolfes \u00fcbernommen. \u201eWir vertreten den Schwerpunkt 2, welcher sich vorrangig den Themen \u201aJugendbeteiligung, Demokratie und Menschenrechte\u2018 widmet. Gemeinsam mit weiteren Referent*innen, aus dem Emsland und dar\u00fcber hinaus, m\u00f6chten wir gemeinsam die AKSB-Mitglieder als Orte der Demokratie f\u00f6rdern\u201c, erl\u00e4utert Rolfes. \u201eGerade in diesen Zeiten ist es besonders wichtig, die Sprachf\u00e4higkeit junger Menschen zu unterst\u00fctzen und zu st\u00e4rken. Wir m\u00f6chten die Jugendbeteiligung f\u00f6rdern und den jungen Menschen Werkzeuge an die Hand geben, ihr Leben autonom und selbstbestimmt zu gestalten.\u201c<\/p>\n\n\n\n<p>Gelingen soll dies durch einen verst\u00e4rkten Fokus auf Seminare zur Arbeit mit Sch\u00fcler*innenvertretungen, Seminare und Veranstaltungen, in denen aktuelle politische Debatten und Themen Platz haben sowie durch die Entwicklung neuer Formate, um Themen wie Desinformationen und Verschw\u00f6rungsmythen aufzugreifen. Weitere Formate sind geplant.<\/p>\n\n\n\n<p>Dar\u00fcber hinaus ist der Marstall Clemenswerth seit Beginn des Jahres 2022 eine Netzwerkstelle f\u00fcr das Projekt \u201eRespACT \u2013 Vielfalt leben. Haltung zeigen.\u201c, welches von der AKSB initiiert wurde.<\/p>\n\n\n\n<p>Das bundesweite Projekt hat das Ziel, Jugendliche durch politische Bildung gegen unterschiedliche Formen des Extremismus, Rassismus und gruppenbezogene Menschenfeindlichkeit zu st\u00e4rken. Dazu werden junge Menschen in ihrer Pers\u00f6nlichkeitsbildung unterst\u00fctzt und dabei Selbstwirksamkeit und Selbstbef\u00e4higung gef\u00f6rdert. Sie werden f\u00fcr Fragen der gesellschaftlichen Vielfalt und f\u00fcr ihre soziale Rolle sensibilisiert. Dazu z\u00e4hlt, dass sie ihre eigene Meinung vertreten und die Meinungen anderer respektieren k\u00f6nnen. Sie \u00fcben das friedliche Zusammenleben in einer demokratischen und vielf\u00e4ltigen Gesellschaft. Um diese Ziele zu erreichen, wird mit sogenannten Respekt Coaches zusammengearbeitet, die Jugendsozialarbeit an Schulen betreiben und den Zugang zu erg\u00e4nzenden au\u00dferschulischen Bildungsma\u00dfnahmen herstellen.<\/p>\n\n\n\n<p>Gemeinsam werden bedarfsorientierte Projekte f\u00fcr die Jugendlichen konzipiert und durchgef\u00fchrt. Dabei stehen positive Ressourcen der Jugendlichen im Mittelpunkt, wozu zum Beispiel Pers\u00f6nlichkeit, Kultur, Familie und Religion z\u00e4hlen. \u201eNun gilt es, sich als ebendiese bekannt zu machen und Kontakte zu kn\u00fcpfen. Politische Jugendbildung ist wichtiger denn je und die Chancen, davon zu profitieren, sind f\u00fcr die Jugendlichen und die kooperierenden Schulen enorm\u201c, so Jan Leffers.<\/p>\n\n\n\n<p>Text: Jana Rolfes und Jan Leffers<\/p>\n\n\n\n<p>Foto: Saskia Schomaker und Ines Jansen<\/p>\n\n\n\n<p><\/p>\n","protected":false},"excerpt":{"rendered":"S\u00f6gel &#8211; Politische Bildung wurde in der Jugendbildungsst\u00e4tte Marstall Clemenswerth und im Jugendkloster Ahmsen schon immer gro\u00dfgeschrieben. So wurden zwei Stellen mit dem Schwerpunkt auf politischer Jugendbildung geschaffen, welche von Bildungsreferentin Jana Rolfes und Bildungsreferent Jan Eric Leffers geleitet werden. Die Jugendbildungsst\u00e4tte Marstall Clemenswerth und das Jugendkloster Ahmsen sind \u00fcberverbandlich wirkende katholische Bildungsst\u00e4tten der Di\u00f6zese [&hellip;]\n","protected":false},"author":2,"featured_media":0,"comment_status":"closed","ping_status":"closed","sticky":false,"template":"","format":"standard","meta":{"ngg_post_thumbnail":0,"footnotes":""},"categories":[8],"tags":[],"class_list":["post-35262","post","type-post","status-publish","format-standard","hentry","category-gut-zu-wissen"],"_links":{"self":[{"href":"https:\/\/www.forum-soegel.de\/information\/wp-json\/wp\/v2\/posts\/35262","targetHints":{"allow":["GET"]}}],"collection":[{"href":"https:\/\/www.forum-soegel.de\/information\/wp-json\/wp\/v2\/posts"}],"about":[{"href":"https:\/\/www.forum-soegel.de\/information\/wp-json\/wp\/v2\/types\/post"}],"author":[{"embeddable":true,"href":"https:\/\/www.forum-soegel.de\/information\/wp-json\/wp\/v2\/users\/2"}],"replies":[{"embeddable":true,"href":"https:\/\/www.forum-soegel.de\/information\/wp-json\/wp\/v2\/comments?post=35262"}],"version-history":[{"count":1,"href":"https:\/\/www.forum-soegel.de\/information\/wp-json\/wp\/v2\/posts\/35262\/revisions"}],"predecessor-version":[{"id":35264,"href":"https:\/\/www.forum-soegel.de\/information\/wp-json\/wp\/v2\/posts\/35262\/revisions\/35264"}],"wp:attachment":[{"href":"https:\/\/www.forum-soegel.de\/information\/wp-json\/wp\/v2\/media?parent=35262"}],"wp:term":[{"taxonomy":"category","embeddable":true,"href":"https:\/\/www.forum-soegel.de\/information\/wp-json\/wp\/v2\/categories?post=35262"},{"taxonomy":"post_tag","embeddable":true,"href":"https:\/\/www.forum-soegel.de\/information\/wp-json\/wp\/v2\/tags?post=35262"}],"curies":[{"name":"wp","href":"https:\/\/api.w.org\/{rel}","templated":true}]}}