{"id":3520,"date":"2010-10-27T19:37:50","date_gmt":"2010-10-27T17:37:50","guid":{"rendered":"https:\/\/www.forum-soegel.de\/information\/?p=3520"},"modified":"2010-10-30T21:00:05","modified_gmt":"2010-10-30T19:00:05","slug":"1985-2005-schutzenkapelle-st-johannes-spahnharrenstatte-feiert-geburtstag","status":"publish","type":"post","link":"https:\/\/www.forum-soegel.de\/information\/2010\/10\/1985-2005-schutzenkapelle-st-johannes-spahnharrenstatte-feiert-geburtstag\/","title":{"rendered":"1985 -2005 Sch\u00fctzenkapelle St.Johannes Spahnharrenst\u00e4tte feiert Geburtstag"},"content":{"rendered":"<p><a href=\"https:\/\/www.forum-soegel.de\/information\/wp-content\/uploads\/2010\/10\/SKS.jpg\"><\/a>\u201eEine eigene Blaskapelle so wie fr\u00fcher, das w\u00e4re doch mal was\u201c. So oder so \u00e4hnlich hat es auf dem Altenwagen des Sch\u00fctzenfestes 1985 in Spahnharrenst\u00e4tte gehei\u00dfen. Am 13. Oktober desselben Jahres war es dann so weit: Sch\u00fctzenoberst Franz Kessens konnte damals \u00fcber 100 Musikinteressierte im Jugendheim begr\u00fc\u00dfen, die gekommen waren um die Sch\u00fctzenkapelle St. Johannes Spahnharrenst\u00e4tte zu gr\u00fcnden. Und schon eine Woche sp\u00e4ter konnte der Probebetrieb mit Gr\u00fcndungsdirigent Josef Domnick und 60 Bl\u00e4sern gestartet werden.\u00a0 Gr\u00fcndungsvorsitzender Hans Roosmann sorgte f\u00fcr alles, was zum Musizieren gebraucht wurde: Instrumente, \u00dcbungsr\u00e4umlichkeiten, F\u00f6rderer, Ausbilder, Musiker &#8211; Jung und Alt konnte sich begeistert an die Sache machen. Aus den ersten vorsichtigen Anf\u00e4ngen ist eine Blaskapelle entstanden, die immer noch oder auch immer wieder mit gro\u00dfer Begeisterung f\u00fcr die passenden T\u00f6ne sorgt.<\/p>\n<p>In diesem Jahr hei\u00dft es Geburtstag feiern, und das hat die SKS bisher schon ausgiebig getan. Im April haben die Musiker unter der Leitung der Dirigenten Helmut Benten und Marina Kessens ein begeisterndes Konzert vor ausverkauftem Haus gegeben, moderiert von Werner R\u00fcdebusch, der zuvor 17 Jahre Dirigent des Orchesters war und somit kenntnisreich durch das Programm f\u00fchren konnte. Im Sommer gestaltete die Blaskapelle gemeinsam mit dem Kirchenchor eine Feldmesse, zelebriert von Pfarrer Bernhard Horstmann und besucht von vielen Gl\u00e4ubigen, die anschlie\u00dfend auch beim Familientag bei bestem Sonnenscheinwetter begeistert mitmachten. Der H\u00f6hepunkt des Jubil\u00e4umsjahres aber startet im Oktober. Am 15.10., einem Freitag, gibt es einen gro\u00dfen Festkommers mit geladenen G\u00e4sten und vielen W\u00fcrdigungen und Ehrungen. Am Samstag, dem 16.10. startet ab 20.00 Uhr ein gro\u00dfer \u00f6ffentlicher Musikerball mit der Showband \u201eSoundExpress\u201c, zu der die gesamte Bev\u00f6lkerung aus Nah und Fern eingeladen ist. Der Vorstand mit Bernd Deters an der Spitze freut sich auf viele Begegnungen mit ehemaligen Musikern der Sch\u00fctzenkapelle, aber auch die Musiker aus den befreundeten Nachbarvereinen, die Mitglieder des F\u00f6rdervereins und alle die mitfeiern wollen sind gern gesehene G\u00e4ste der SKS, die sich auf ein \u201erauschendes Fest\u201c freut. Als Sahneh\u00e4ubchen f\u00fcr die Festtage haben die Organisatoren f\u00fcr eine Jubil\u00e4umsschrift gesorgt, die mit vielen Fotos gespickt Vergangenes wieder aufleben l\u00e4sst und die auch einen Eindruck dar\u00fcber vermittelt, dass die Sch\u00fctzenkapelle Spahnharrenst\u00e4tte f\u00fcr die Zukunft gewappnet ist und auch in den n\u00e4chsten 25 Jahren f\u00fcr gute Musik sorgen will.<\/p>\n<p>Text: Burkhard Becker<\/p>\n<p>Foto: Markus Freese-Dickebohm<\/p>\n<p><a href=\"https:\/\/www.forum-soegel.de\/information\/wp-content\/uploads\/2010\/10\/SKS.jpg\"><img loading=\"lazy\" decoding=\"async\" title=\"SKS\" src=\"https:\/\/www.forum-soegel.de\/information\/wp-content\/uploads\/2010\/10\/SKS-300x184.jpg\" alt=\"\" width=\"300\" height=\"184\" \/><\/a><\/p>\n","protected":false},"excerpt":{"rendered":"\u201eEine eigene Blaskapelle so wie fr\u00fcher, das w\u00e4re doch mal was\u201c. So oder so \u00e4hnlich hat es auf dem Altenwagen des Sch\u00fctzenfestes 1985 in Spahnharrenst\u00e4tte gehei\u00dfen. Am 13. Oktober desselben Jahres war es dann so weit: Sch\u00fctzenoberst Franz Kessens konnte damals \u00fcber 100 Musikinteressierte im Jugendheim begr\u00fc\u00dfen, die gekommen waren um die Sch\u00fctzenkapelle St. Johannes [&hellip;]\n","protected":false},"author":2,"featured_media":0,"comment_status":"closed","ping_status":"closed","sticky":false,"template":"","format":"standard","meta":{"ngg_post_thumbnail":0,"footnotes":""},"categories":[5],"tags":[49],"class_list":["post-3520","post","type-post","status-publish","format-standard","hentry","category-was-machen-die-vereine","tag-schutzenkapelle-st-johannes"],"_links":{"self":[{"href":"https:\/\/www.forum-soegel.de\/information\/wp-json\/wp\/v2\/posts\/3520","targetHints":{"allow":["GET"]}}],"collection":[{"href":"https:\/\/www.forum-soegel.de\/information\/wp-json\/wp\/v2\/posts"}],"about":[{"href":"https:\/\/www.forum-soegel.de\/information\/wp-json\/wp\/v2\/types\/post"}],"author":[{"embeddable":true,"href":"https:\/\/www.forum-soegel.de\/information\/wp-json\/wp\/v2\/users\/2"}],"replies":[{"embeddable":true,"href":"https:\/\/www.forum-soegel.de\/information\/wp-json\/wp\/v2\/comments?post=3520"}],"version-history":[{"count":4,"href":"https:\/\/www.forum-soegel.de\/information\/wp-json\/wp\/v2\/posts\/3520\/revisions"}],"predecessor-version":[{"id":3662,"href":"https:\/\/www.forum-soegel.de\/information\/wp-json\/wp\/v2\/posts\/3520\/revisions\/3662"}],"wp:attachment":[{"href":"https:\/\/www.forum-soegel.de\/information\/wp-json\/wp\/v2\/media?parent=3520"}],"wp:term":[{"taxonomy":"category","embeddable":true,"href":"https:\/\/www.forum-soegel.de\/information\/wp-json\/wp\/v2\/categories?post=3520"},{"taxonomy":"post_tag","embeddable":true,"href":"https:\/\/www.forum-soegel.de\/information\/wp-json\/wp\/v2\/tags?post=3520"}],"curies":[{"name":"wp","href":"https:\/\/api.w.org\/{rel}","templated":true}]}}