{"id":352,"date":"2010-02-07T17:28:59","date_gmt":"2010-02-07T15:28:59","guid":{"rendered":"https:\/\/www.forum-soegel.de\/information\/?p=352"},"modified":"2010-02-07T17:28:59","modified_gmt":"2010-02-07T15:28:59","slug":"raum-und-streupflicht-der-burgersteige-und-gehwege-bei-schnee-und-eisglatte","status":"publish","type":"post","link":"https:\/\/www.forum-soegel.de\/information\/2010\/02\/raum-und-streupflicht-der-burgersteige-und-gehwege-bei-schnee-und-eisglatte\/","title":{"rendered":"R\u00e4um- und Streupflicht der B\u00fcrgersteige und Gehwege bei Schnee- und Eisgl\u00e4tte"},"content":{"rendered":"<p>Die Gemeinde S\u00f6gel weist auf die Pflicht der Grundst\u00fcckseigent\u00fcmer hin, bei Eis und Gl\u00e4tte die grundst\u00fccksanliegenden Gehwege passierbar zu machen. Das Bauhofpersonal der Gemeinde bem\u00fcht sich derweil jeweils morgens ab 5 Uhr verkehrswichtige Stra\u00dfen und Gehwege von Schnee und Eis zu r\u00e4umen. Weitere Einzelheiten unter <a href=\"https:\/\/www.soegel.de\/\">www.soegel.de<\/a>. <strong><em><\/em><\/strong><\/p>\n","protected":false},"excerpt":{"rendered":"Die Gemeinde S\u00f6gel weist auf die Pflicht der Grundst\u00fcckseigent\u00fcmer hin, bei Eis und Gl\u00e4tte die grundst\u00fccksanliegenden Gehwege passierbar zu machen. Das Bauhofpersonal der Gemeinde bem\u00fcht sich derweil jeweils morgens ab 5 Uhr verkehrswichtige Stra\u00dfen und Gehwege von Schnee und Eis zu r\u00e4umen. Weitere Einzelheiten unter www.soegel.de.\n","protected":false},"author":2,"featured_media":0,"comment_status":"closed","ping_status":"closed","sticky":false,"template":"","format":"standard","meta":{"ngg_post_thumbnail":0,"footnotes":""},"categories":[10],"tags":[69,70,68],"class_list":["post-352","post","type-post","status-publish","format-standard","hentry","category-rat-und-verwaltung-informieren","tag-eisglatte","tag-raum-und-streupflicht","tag-schnee"],"_links":{"self":[{"href":"https:\/\/www.forum-soegel.de\/information\/wp-json\/wp\/v2\/posts\/352","targetHints":{"allow":["GET"]}}],"collection":[{"href":"https:\/\/www.forum-soegel.de\/information\/wp-json\/wp\/v2\/posts"}],"about":[{"href":"https:\/\/www.forum-soegel.de\/information\/wp-json\/wp\/v2\/types\/post"}],"author":[{"embeddable":true,"href":"https:\/\/www.forum-soegel.de\/information\/wp-json\/wp\/v2\/users\/2"}],"replies":[{"embeddable":true,"href":"https:\/\/www.forum-soegel.de\/information\/wp-json\/wp\/v2\/comments?post=352"}],"version-history":[{"count":1,"href":"https:\/\/www.forum-soegel.de\/information\/wp-json\/wp\/v2\/posts\/352\/revisions"}],"predecessor-version":[{"id":353,"href":"https:\/\/www.forum-soegel.de\/information\/wp-json\/wp\/v2\/posts\/352\/revisions\/353"}],"wp:attachment":[{"href":"https:\/\/www.forum-soegel.de\/information\/wp-json\/wp\/v2\/media?parent=352"}],"wp:term":[{"taxonomy":"category","embeddable":true,"href":"https:\/\/www.forum-soegel.de\/information\/wp-json\/wp\/v2\/categories?post=352"},{"taxonomy":"post_tag","embeddable":true,"href":"https:\/\/www.forum-soegel.de\/information\/wp-json\/wp\/v2\/tags?post=352"}],"curies":[{"name":"wp","href":"https:\/\/api.w.org\/{rel}","templated":true}]}}