{"id":3497,"date":"2010-10-10T12:08:25","date_gmt":"2010-10-10T10:08:25","guid":{"rendered":"https:\/\/www.forum-soegel.de\/information\/?p=3497"},"modified":"2010-10-10T12:08:25","modified_gmt":"2010-10-10T10:08:25","slug":"feueralarm-in-der-grundschule-st-johannes-spahnharrenstatte","status":"publish","type":"post","link":"https:\/\/www.forum-soegel.de\/information\/2010\/10\/feueralarm-in-der-grundschule-st-johannes-spahnharrenstatte\/","title":{"rendered":"Feueralarm in der Grundschule St. Johannes Spahnharrenst\u00e4tte"},"content":{"rendered":"<p>Am Freitag, den 03.09.2010 bemerkte eine Sch\u00fclerin der 4. Klasse pl\u00f6tzlich starken Rauch vor dem Klassenfenster.<\/p>\n<p>Sofort forderte die Lehrerin, Frau Rode alle Kinder auf, sich in einer Reihe an der T\u00fcr aufzustellen. Sie selbst ging dann in die Nachbarklasse und dort Bescheid, dass es brennt. W\u00e4hrend Frau Schulte die beiden Klassen dann mit nach drau\u00dfen nahm, alarmierte Frau Rode die Leitstelle und sagte den beiden Klassen im 1. Stock Bescheid.<\/p>\n<p>Alle Klassen versammelten sich auf dem Fu\u00dfballplatz und die Lehrerinnen z\u00e4hlten nach, damit sie sicher waren, dass kein Kind mehr im Geb\u00e4ude ist. Dann h\u00f6rten wir auch schon die Sirenen und nach kurzer Zeit erschienen die Feuerwehrautos.<\/p>\n<p>Einige Kinder waren sehr ver\u00e4ngstigt und haben geweint, weil immer mehr Rauch aus dem Schulgeb\u00e4ude heraus drang. Ein Feuerwehrmann kam zu uns und fragte unsere Direktorin, ob auch wirklich kein Kind mehr im Geb\u00e4ude w\u00e4re. Dann wurden blitzschnell die Schl\u00e4uche ausgerollt und schon begann das L\u00f6schen.<\/p>\n<p>Erst jetzt erkl\u00e4rten uns die Lehrerinnen, dass es sich bei der Aktion um eine \u00dcbung handelte und wir konnten uns endlich beruhigen.<\/p>\n<p>Nachdem das angebliche Feuer dann gel\u00f6scht war, durften alle Kinder die Feuerwehrautos noch besichtigen.<\/p>\n<p>Alle waren froh, dass es nur eine \u00dcbung war.\u00a0<\/p>\n<p><a href=\"https:\/\/www.forum-soegel.de\/information\/wp-content\/uploads\/2010\/10\/Feuerwehr\u00fcbung1.jpg\"><img loading=\"lazy\" decoding=\"async\" class=\"alignnone size-thumbnail wp-image-3498\" title=\"Feuerwehr\u00fcbung1\" src=\"https:\/\/www.forum-soegel.de\/information\/wp-content\/uploads\/2010\/10\/Feuerwehr\u00fcbung1-150x150.jpg\" alt=\"\" width=\"150\" height=\"150\" \/><\/a>\u00a0 <a href=\"https:\/\/www.forum-soegel.de\/information\/wp-content\/uploads\/2010\/10\/Feuerwehr\u00fcbung2.jpg\"><img loading=\"lazy\" decoding=\"async\" class=\"alignnone size-thumbnail wp-image-3499\" title=\"Feuerwehr\u00fcbung2\" src=\"https:\/\/www.forum-soegel.de\/information\/wp-content\/uploads\/2010\/10\/Feuerwehr\u00fcbung2-150x150.jpg\" alt=\"\" width=\"150\" height=\"150\" \/><\/a><\/p>\n","protected":false},"excerpt":{"rendered":"Am Freitag, den 03.09.2010 bemerkte eine Sch\u00fclerin der 4. Klasse pl\u00f6tzlich starken Rauch vor dem Klassenfenster. Sofort forderte die Lehrerin, Frau Rode alle Kinder auf, sich in einer Reihe an der T\u00fcr aufzustellen. Sie selbst ging dann in die Nachbarklasse und dort Bescheid, dass es brennt. W\u00e4hrend Frau Schulte die beiden Klassen dann mit nach [&hellip;]\n","protected":false},"author":2,"featured_media":0,"comment_status":"closed","ping_status":"closed","sticky":false,"template":"","format":"standard","meta":{"ngg_post_thumbnail":0,"footnotes":""},"categories":[6],"tags":[113],"class_list":["post-3497","post","type-post","status-publish","format-standard","hentry","category-aus-der-schule-geplaudert","tag-feuerwehr"],"_links":{"self":[{"href":"https:\/\/www.forum-soegel.de\/information\/wp-json\/wp\/v2\/posts\/3497","targetHints":{"allow":["GET"]}}],"collection":[{"href":"https:\/\/www.forum-soegel.de\/information\/wp-json\/wp\/v2\/posts"}],"about":[{"href":"https:\/\/www.forum-soegel.de\/information\/wp-json\/wp\/v2\/types\/post"}],"author":[{"embeddable":true,"href":"https:\/\/www.forum-soegel.de\/information\/wp-json\/wp\/v2\/users\/2"}],"replies":[{"embeddable":true,"href":"https:\/\/www.forum-soegel.de\/information\/wp-json\/wp\/v2\/comments?post=3497"}],"version-history":[{"count":1,"href":"https:\/\/www.forum-soegel.de\/information\/wp-json\/wp\/v2\/posts\/3497\/revisions"}],"predecessor-version":[{"id":3500,"href":"https:\/\/www.forum-soegel.de\/information\/wp-json\/wp\/v2\/posts\/3497\/revisions\/3500"}],"wp:attachment":[{"href":"https:\/\/www.forum-soegel.de\/information\/wp-json\/wp\/v2\/media?parent=3497"}],"wp:term":[{"taxonomy":"category","embeddable":true,"href":"https:\/\/www.forum-soegel.de\/information\/wp-json\/wp\/v2\/categories?post=3497"},{"taxonomy":"post_tag","embeddable":true,"href":"https:\/\/www.forum-soegel.de\/information\/wp-json\/wp\/v2\/tags?post=3497"}],"curies":[{"name":"wp","href":"https:\/\/api.w.org\/{rel}","templated":true}]}}