{"id":3486,"date":"2010-10-10T12:00:14","date_gmt":"2010-10-10T10:00:14","guid":{"rendered":"https:\/\/www.forum-soegel.de\/information\/?p=3486"},"modified":"2010-10-10T12:00:14","modified_gmt":"2010-10-10T10:00:14","slug":"schule-am-schloss-verabschiedet-hausmeister-walter-klaas","status":"publish","type":"post","link":"https:\/\/www.forum-soegel.de\/information\/2010\/10\/schule-am-schloss-verabschiedet-hausmeister-walter-klaas\/","title":{"rendered":"Schule am Schloss verabschiedet Hausmeister Walter Klaas"},"content":{"rendered":"<p>Nach 20j\u00e4hriger T\u00e4tigkeit als Hausmeister an der Realschule S\u00f6gel wurde Walter Klaas am<\/p>\n<p>20.08.2010\u00a0 offiziell in den Ruhestand verabschiedet. Das Kollegium der jetzigen Schule am Schloss hatte sich daf\u00fcr ein besonderes Programm mit Liedern, Gedichten und Pr\u00e4senten ausgedacht. Zun\u00e4chst wurde\u00a0 ihr \u201e Meister des Hauses\u201c \u00a0mit seiner Ehefrau per Pferd und Kutsche von zu Hause abgeholt und zur feierlichen Verabschiedung\u00a0 in die Schule gebracht. Auf dem Schulhof standen 550 jubelnde Sch\u00fcler mit ihren Lehrern Spalier, denen der \u00a0scheidende \u00a0Hausmeister immer wieder Bonbons zuwarf. \u00a0Die Sch\u00fcler bedankten sich mit netten Worten und Pr\u00e4senten.<\/p>\n<p>Bei der anschlie\u00dfenden offiziellen Abschiedsfeier dr\u00fcckte Schulleiter Lothar Schulz\u00a0 Walter Klaas \u00a0Wertsch\u00e4tzung und Dank aus. Als 15j\u00e4hriger habe dieser \u00a0eine Ausbildung als Maurer gemacht und\u00a0 insgesamt\u00a0 50 Jahre im Berufsleben gestanden. \u00a0<\/p>\n<p>Davon sei er 20 Jahre als Hausmeister an der Realschule, Orientierungsstufe und an der jetzigen Haupt- und Realschule &#8211; Schule am Schloss &#8211; \u00a0gewesen. \u00a0Mit gro\u00dfem Geschick und Liebe zu den Schulgeb\u00e4uden habe er alles in Schuss gehalten und stets gew\u00e4hrleistet, dass zu jeder Zeit Unterricht stattfinden konnte. \u201eWalter Klaas, immer aktiv an vorderster Front\u201c, bemerkte Erster Samtgemeinderat Hans Nowak , der zusammen mit Arnold Welling und Petra Nieters die Gl\u00fcckw\u00fcnsche der Gemeinde S\u00f6gel \u00fcberbrachte. Nowak w\u00fcrdigte Walter \u00a0Klaas als \u00e4u\u00dferst engagierten Mitarbeiter und bedankte sich f\u00fcr seine zuverl\u00e4ssige und weit \u00fcber den Rahmen seiner dienstlichen Pflichten hinausgehende Arbeit mit den besten W\u00fcnschen f\u00fcr die Zukunft.<\/p>\n<p>Ein Dank galt auch seiner Ehefrau Elisabeth Klaas, die ebenfalls nach langj\u00e4hriger T\u00e4tigkeit als Raumpflegerin an der Realschule in den Ruhestand verabschiedet wurde. Der Personalrat zeigte die Wertsch\u00e4tzung des gesamten Kollegiums mit der Enth\u00fcllung eines Gem\u00e4ldes von ihrem Hausmeister, das fortan seinen \u00a0Platz vorm Hausmeisterraum \u00a0im Schulgeb\u00e4ude finden soll. Die Feierstunde endete mit einem gemeinsamen leckeren Essen, das Sch\u00fcler und Sch\u00fclerinnen der Schule am Schloss unter der Leitung von \u00a0Frau Heller und Frau Timpker zubereitet hatten.<\/p>\n<p>Text\/Foto: Gisela Arling<\/p>\n<p><a href=\"https:\/\/www.forum-soegel.de\/information\/wp-content\/uploads\/2010\/10\/Schule-am-Schlo21.jpg\"><img loading=\"lazy\" decoding=\"async\" class=\"alignnone size-thumbnail wp-image-3487\" title=\"Schule am Schlo2\" src=\"https:\/\/www.forum-soegel.de\/information\/wp-content\/uploads\/2010\/10\/Schule-am-Schlo21-150x150.jpg\" alt=\"\" width=\"150\" height=\"150\" \/><\/a>\u00a0 <a href=\"https:\/\/www.forum-soegel.de\/information\/wp-content\/uploads\/2010\/10\/Schule-am-Schloss3.jpg\"><img loading=\"lazy\" decoding=\"async\" class=\"alignnone size-thumbnail wp-image-3488\" title=\"Schule am Schloss3\" src=\"https:\/\/www.forum-soegel.de\/information\/wp-content\/uploads\/2010\/10\/Schule-am-Schloss3-150x150.jpg\" alt=\"\" width=\"150\" height=\"150\" \/><\/a>\u00a0 <a href=\"https:\/\/www.forum-soegel.de\/information\/wp-content\/uploads\/2010\/10\/Schule-am-Schloss4.jpg\"><img loading=\"lazy\" decoding=\"async\" class=\"alignnone size-thumbnail wp-image-3489\" title=\"Schule am Schloss4\" src=\"https:\/\/www.forum-soegel.de\/information\/wp-content\/uploads\/2010\/10\/Schule-am-Schloss4-150x150.jpg\" alt=\"\" width=\"150\" height=\"150\" \/><\/a><\/p>\n<p><a href=\"https:\/\/www.forum-soegel.de\/information\/wp-content\/uploads\/2010\/10\/Schule-am-Schloss-verab1JPG.jpg\"><img loading=\"lazy\" decoding=\"async\" class=\"alignnone size-thumbnail wp-image-3490\" title=\"Schule am Schloss verab1JPG\" src=\"https:\/\/www.forum-soegel.de\/information\/wp-content\/uploads\/2010\/10\/Schule-am-Schloss-verab1JPG-150x150.jpg\" alt=\"\" width=\"150\" height=\"150\" \/><\/a><\/p>\n","protected":false},"excerpt":{"rendered":"Nach 20j\u00e4hriger T\u00e4tigkeit als Hausmeister an der Realschule S\u00f6gel wurde Walter Klaas am 20.08.2010\u00a0 offiziell in den Ruhestand verabschiedet. Das Kollegium der jetzigen Schule am Schloss hatte sich daf\u00fcr ein besonderes Programm mit Liedern, Gedichten und Pr\u00e4senten ausgedacht. Zun\u00e4chst wurde\u00a0 ihr \u201e Meister des Hauses\u201c \u00a0mit seiner Ehefrau per Pferd und Kutsche von zu Hause [&hellip;]\n","protected":false},"author":2,"featured_media":0,"comment_status":"closed","ping_status":"closed","sticky":false,"template":"","format":"standard","meta":{"ngg_post_thumbnail":0,"footnotes":""},"categories":[6],"tags":[473,145],"class_list":["post-3486","post","type-post","status-publish","format-standard","hentry","category-aus-der-schule-geplaudert","tag-hausmeister","tag-schule-am-schloss"],"_links":{"self":[{"href":"https:\/\/www.forum-soegel.de\/information\/wp-json\/wp\/v2\/posts\/3486","targetHints":{"allow":["GET"]}}],"collection":[{"href":"https:\/\/www.forum-soegel.de\/information\/wp-json\/wp\/v2\/posts"}],"about":[{"href":"https:\/\/www.forum-soegel.de\/information\/wp-json\/wp\/v2\/types\/post"}],"author":[{"embeddable":true,"href":"https:\/\/www.forum-soegel.de\/information\/wp-json\/wp\/v2\/users\/2"}],"replies":[{"embeddable":true,"href":"https:\/\/www.forum-soegel.de\/information\/wp-json\/wp\/v2\/comments?post=3486"}],"version-history":[{"count":1,"href":"https:\/\/www.forum-soegel.de\/information\/wp-json\/wp\/v2\/posts\/3486\/revisions"}],"predecessor-version":[{"id":3491,"href":"https:\/\/www.forum-soegel.de\/information\/wp-json\/wp\/v2\/posts\/3486\/revisions\/3491"}],"wp:attachment":[{"href":"https:\/\/www.forum-soegel.de\/information\/wp-json\/wp\/v2\/media?parent=3486"}],"wp:term":[{"taxonomy":"category","embeddable":true,"href":"https:\/\/www.forum-soegel.de\/information\/wp-json\/wp\/v2\/categories?post=3486"},{"taxonomy":"post_tag","embeddable":true,"href":"https:\/\/www.forum-soegel.de\/information\/wp-json\/wp\/v2\/tags?post=3486"}],"curies":[{"name":"wp","href":"https:\/\/api.w.org\/{rel}","templated":true}]}}