{"id":34734,"date":"2023-06-08T18:57:30","date_gmt":"2023-06-08T16:57:30","guid":{"rendered":"https:\/\/www.forum-soegel.de\/information\/?p=34734"},"modified":"2023-06-08T18:57:30","modified_gmt":"2023-06-08T16:57:30","slug":"feuerwehrmeldungen-10","status":"publish","type":"post","link":"https:\/\/www.forum-soegel.de\/information\/2023\/06\/feuerwehrmeldungen-10\/","title":{"rendered":"Feuerwehrmeldungen"},"content":{"rendered":"\n<p><strong>Spahnharrenst\u00e4tte \u2013 Brand einer Zypressenhecke<\/strong><\/p>\n\n\n\n<p>Am 1. Mai geriet gegen 18 Uhr eine Zypressenhecke in Spahnharrenst\u00e4tte in der Stra\u00dfe \u201eAn der M\u00fchle\u201c in Brand. Das Feuer drohte, auf einen angrenzenden Holzschuppen und ein Holzhaus \u00fcberzugreifen. Es gelang Anliegern und Passanten, die Flammen mit einem Gartenschlauch und einen Handfeuerl\u00f6scher rechtzeitig unter Kontrolle zu bringen. Die Freiwillige Feuerwehr Spahnharrenst\u00e4tte, die mit 18 Kameraden und zwei Fahrzeugen anger\u00fcckt war, \u00fcbernahm dann Nachl\u00f6scharbeiten und verhinderte ein Wiederaufflammen der trockenen Hecke. Der Feuerwehreinsatz konnte nach 45 Minuten beendet werden.<\/p>\n\n\n\n<figure class=\"wp-block-image size-large\"><a href=\"https:\/\/www.forum-soegel.de\/information\/wp-content\/uploads\/2023\/06\/Feuerwehr-001-scaled.jpg\"><img loading=\"lazy\" decoding=\"async\" width=\"1024\" height=\"383\" src=\"https:\/\/www.forum-soegel.de\/information\/wp-content\/uploads\/2023\/06\/Feuerwehr-001-1024x383.jpg\" alt=\"\" class=\"wp-image-34735\" srcset=\"https:\/\/www.forum-soegel.de\/information\/wp-content\/uploads\/2023\/06\/Feuerwehr-001-1024x383.jpg 1024w, https:\/\/www.forum-soegel.de\/information\/wp-content\/uploads\/2023\/06\/Feuerwehr-001-300x112.jpg 300w, https:\/\/www.forum-soegel.de\/information\/wp-content\/uploads\/2023\/06\/Feuerwehr-001-768x288.jpg 768w, https:\/\/www.forum-soegel.de\/information\/wp-content\/uploads\/2023\/06\/Feuerwehr-001-1536x575.jpg 1536w, https:\/\/www.forum-soegel.de\/information\/wp-content\/uploads\/2023\/06\/Feuerwehr-001-2048x767.jpg 2048w\" sizes=\"auto, (max-width: 1024px) 100vw, 1024px\" \/><\/a><figcaption class=\"wp-element-caption\">In Spahnharrenst\u00e4tte geriet am Abend des Maifeiertages eine Hecke in Brand. Ein nahestehendes Holzhaus und ein Holzschuppen wurden durch das Feuer gef\u00e4hrdet.<br>(Quelle: SG S\u00f6gel \/ Feuerwehr)<\/figcaption><\/figure>\n\n\n\n<p><strong>S\u00f6gel\/B\u00f6rger \u2013 \u00dcberflutete Stra\u00dfen und Keller nach Starkregen<\/strong><\/p>\n\n\n\n<p>Am Dienstagnachmittag, 09.05.2023, setzte in S\u00f6gel und B\u00f6rger gegen 17 Uhr ein heftiger Starkregen ein, der zahlreiche Stra\u00dfen und Kreuzungen sowie mehrere Keller \u00fcberflutete. Die sofort alarmierte Feuerwehr S\u00f6gel r\u00fcckte mit 30 Feuerwehrleuten und sieben Fahrzeugen aus. Sie sicherte und sperrte zusammen mit dem Bauhof der Gemeinde die \u00fcberfluteten Gebiete im Ort ab, um zu verhindern, dass die von durchfahren Fahrzeugen erzeugten Bugwellen in nahegelegene Geb\u00e4ude eindrangen und durchfahrende Fahrzeuge in dem Wasser steckenblieben. In B\u00f6rger wurden am Dienstagabend vier Stra\u00dfen \u00fcberflutet. Auch hier r\u00fcckte die Feuerwehr aus und sicherte die Einsatzstellen ab.<\/p>\n\n\n\n<p>Eine PKW-Fahrerin in S\u00f6gel hatte Pech und blieb mit ihrem PKW im Wasser stecken und musste von einem \u00f6rtlichen Bergungsunternehmen befreit werden. Das Wasser war bereits in den Wagen eingedrungen.<\/p>\n\n\n\n<p>Das Abpumpen des Wassers war im Ort zu diesem Zeitpunkt nicht m\u00f6glich, da das Wasser immer wieder zur\u00fcckgelaufen w\u00e4re und der starke Regen andauerte. Am sp\u00e4teren Abend beruhigte sich die Lage, so dass die Abflusssysteme im Ort das Wasser langsam wieder aufnehmen konnten und die Stra\u00dfen bis auf die Schlossallee wieder freigegeben wurden. In der Schlossallee liefen gr\u00f6\u00dfere Mengen Wasser auf das Gel\u00e4nde des fr\u00fcheren Polizeigeb\u00e4udes und drangen in den Keller ein. Bis in den sp\u00e4ten Abend hinein war die Feuerwehr damit besch\u00e4ftigt, mehrere vollgelaufene Keller zu lenzen.<\/p>\n\n\n\n<p>Eine ernste Lage entstand hinter dem Einkaufszentrum \u201eKnippers Kohlenhof\u201c, wo sich der Heimathof mit einer gr\u00f6\u00dfere Teichanlage, die auch als Regenr\u00fcckhaltebecken dient, befindet. Der Teich und auch die Abflussgr\u00e4ben konnten das Regenwasser nicht mehr fassen und traten \u00fcber die Ufer. Die Wassermassen drohten in die Gesch\u00e4ftsr\u00e4ume einzudringen. Die Feuerwehr pumpte das Wasser in ein entfernt liegendes Kanalsystem, dass inzwischen wieder Wasser aufnehmen konnte. Au\u00dferdem setzte das vorhandene Abflusssystem wieder ein, so dass gr\u00f6\u00dferer Schaden von den gef\u00e4hrdeten Gesch\u00e4ften abgewendet werden konnte. Der Feuerwehreinsatz war gegen 22.15 Uhr beendet.<\/p>\n\n\n\n<p>Am Mittwochmorgen wurde die Feuerwehr um 7.15 Uhr erneut alarmiert. In den Keller der Au\u00dfenstelle der Oberschule in der Schlossallee war dreckiges Abwasser eingedrungen, das vor allem die Heizung bedrohte. Nachdem die Stromversorgung unterbrochen worden war, konnte das Wasser abgepumpt werden. Der im Keller verbliebene Dreck musste dann noch von Kr\u00e4ften der Schule und Samtgemeinde gereinigt werden. Auf alle F\u00e4lle konnte dank des schnellen Einsatzes der Feuerwehr sichergestellt werden, dass geplante Pr\u00fcfungsarbeiten stattfinden konnten.<\/p>\n\n\n\n<figure class=\"wp-block-image size-large\"><a href=\"https:\/\/www.forum-soegel.de\/information\/wp-content\/uploads\/2023\/06\/Feuerwehr-002.jpg\"><img loading=\"lazy\" decoding=\"async\" width=\"1024\" height=\"768\" src=\"https:\/\/www.forum-soegel.de\/information\/wp-content\/uploads\/2023\/06\/Feuerwehr-002-1024x768.jpg\" alt=\"\" class=\"wp-image-34736\" srcset=\"https:\/\/www.forum-soegel.de\/information\/wp-content\/uploads\/2023\/06\/Feuerwehr-002-1024x768.jpg 1024w, https:\/\/www.forum-soegel.de\/information\/wp-content\/uploads\/2023\/06\/Feuerwehr-002-300x225.jpg 300w, https:\/\/www.forum-soegel.de\/information\/wp-content\/uploads\/2023\/06\/Feuerwehr-002-768x576.jpg 768w, https:\/\/www.forum-soegel.de\/information\/wp-content\/uploads\/2023\/06\/Feuerwehr-002.jpg 1155w\" sizes=\"auto, (max-width: 1024px) 100vw, 1024px\" \/><\/a><figcaption class=\"wp-element-caption\">Hinter dem Einkaufscenter Knippers Kohlenhof drohte das Wasser aus dem \u00fcberlaufenden Teich beim Heimathof in die Gesch\u00e4fte einzudringen.<br>(Quelle: SG S\u00f6gel \/ Feuerwehr)<\/figcaption><\/figure>\n\n\n\n<figure class=\"wp-block-image size-large\"><a href=\"https:\/\/www.forum-soegel.de\/information\/wp-content\/uploads\/2023\/06\/Feuerwehr-003.jpg\"><img loading=\"lazy\" decoding=\"async\" width=\"1024\" height=\"833\" src=\"https:\/\/www.forum-soegel.de\/information\/wp-content\/uploads\/2023\/06\/Feuerwehr-003-1024x833.jpg\" alt=\"\" class=\"wp-image-34737\" srcset=\"https:\/\/www.forum-soegel.de\/information\/wp-content\/uploads\/2023\/06\/Feuerwehr-003-1024x833.jpg 1024w, https:\/\/www.forum-soegel.de\/information\/wp-content\/uploads\/2023\/06\/Feuerwehr-003-300x244.jpg 300w, https:\/\/www.forum-soegel.de\/information\/wp-content\/uploads\/2023\/06\/Feuerwehr-003-768x625.jpg 768w, https:\/\/www.forum-soegel.de\/information\/wp-content\/uploads\/2023\/06\/Feuerwehr-003.jpg 1109w\" sizes=\"auto, (max-width: 1024px) 100vw, 1024px\" \/><\/a><figcaption class=\"wp-element-caption\">In der Schlaunallee blieb ein PKW im Wasser stecken und musste von einem Bergungsunter-nehmen befreit werden<br>(Quelle: SG S\u00f6gel \/ Feuerwehr)<\/figcaption><\/figure>\n\n\n\n<figure class=\"wp-block-gallery has-nested-images columns-default is-cropped wp-block-gallery-1 is-layout-flex wp-block-gallery-is-layout-flex\">\n<figure class=\"wp-block-image size-large\"><img loading=\"lazy\" decoding=\"async\" width=\"1024\" height=\"768\" data-id=\"34740\" src=\"https:\/\/www.forum-soegel.de\/information\/wp-content\/uploads\/2023\/06\/Feuerwehr-007-1024x768.jpg\" alt=\"\" class=\"wp-image-34740\" srcset=\"https:\/\/www.forum-soegel.de\/information\/wp-content\/uploads\/2023\/06\/Feuerwehr-007-1024x768.jpg 1024w, https:\/\/www.forum-soegel.de\/information\/wp-content\/uploads\/2023\/06\/Feuerwehr-007-300x225.jpg 300w, https:\/\/www.forum-soegel.de\/information\/wp-content\/uploads\/2023\/06\/Feuerwehr-007-768x576.jpg 768w, https:\/\/www.forum-soegel.de\/information\/wp-content\/uploads\/2023\/06\/Feuerwehr-007.jpg 1155w\" sizes=\"auto, (max-width: 1024px) 100vw, 1024px\" \/><\/figure>\n\n\n\n<figure class=\"wp-block-image size-large\"><img loading=\"lazy\" decoding=\"async\" width=\"1024\" height=\"824\" data-id=\"34738\" src=\"https:\/\/www.forum-soegel.de\/information\/wp-content\/uploads\/2023\/06\/Feuerwehr-005-1024x824.jpg\" alt=\"\" class=\"wp-image-34738\" srcset=\"https:\/\/www.forum-soegel.de\/information\/wp-content\/uploads\/2023\/06\/Feuerwehr-005-1024x824.jpg 1024w, https:\/\/www.forum-soegel.de\/information\/wp-content\/uploads\/2023\/06\/Feuerwehr-005-300x241.jpg 300w, https:\/\/www.forum-soegel.de\/information\/wp-content\/uploads\/2023\/06\/Feuerwehr-005-768x618.jpg 768w, https:\/\/www.forum-soegel.de\/information\/wp-content\/uploads\/2023\/06\/Feuerwehr-005.jpg 1115w\" sizes=\"auto, (max-width: 1024px) 100vw, 1024px\" \/><\/figure>\n\n\n\n<figure class=\"wp-block-image size-large\"><img loading=\"lazy\" decoding=\"async\" width=\"1024\" height=\"721\" data-id=\"34739\" src=\"https:\/\/www.forum-soegel.de\/information\/wp-content\/uploads\/2023\/06\/Feuerwehr-006-1024x721.jpg\" alt=\"\" class=\"wp-image-34739\" srcset=\"https:\/\/www.forum-soegel.de\/information\/wp-content\/uploads\/2023\/06\/Feuerwehr-006-1024x721.jpg 1024w, https:\/\/www.forum-soegel.de\/information\/wp-content\/uploads\/2023\/06\/Feuerwehr-006-300x211.jpg 300w, https:\/\/www.forum-soegel.de\/information\/wp-content\/uploads\/2023\/06\/Feuerwehr-006-768x541.jpg 768w, https:\/\/www.forum-soegel.de\/information\/wp-content\/uploads\/2023\/06\/Feuerwehr-006.jpg 1191w\" sizes=\"auto, (max-width: 1024px) 100vw, 1024px\" \/><\/figure>\n<\/figure>\n\n\n\n<p>Zahlreiche Stra\u00dfen und Kreuzungen wurden in S\u00f6gel von dem Starkregen unter Wasser gesetzt.<\/p>\n\n\n\n<p>(Quelle: SG S\u00f6gel \/ Feuerwehr)<\/p>\n\n\n\n<p>Zusammengestellt von Gerd Rode<\/p>\n","protected":false},"excerpt":{"rendered":"Spahnharrenst\u00e4tte \u2013 Brand einer Zypressenhecke Am 1. Mai geriet gegen 18 Uhr eine Zypressenhecke in Spahnharrenst\u00e4tte in der Stra\u00dfe \u201eAn der M\u00fchle\u201c in Brand. Das Feuer drohte, auf einen angrenzenden Holzschuppen und ein Holzhaus \u00fcberzugreifen. Es gelang Anliegern und Passanten, die Flammen mit einem Gartenschlauch und einen Handfeuerl\u00f6scher rechtzeitig unter Kontrolle zu bringen. Die Freiwillige [&hellip;]\n","protected":false},"author":2,"featured_media":0,"comment_status":"closed","ping_status":"closed","sticky":false,"template":"","format":"standard","meta":{"ngg_post_thumbnail":0,"footnotes":""},"categories":[931],"tags":[],"class_list":["post-34734","post","type-post","status-publish","format-standard","hentry","category-blaulichtreport"],"_links":{"self":[{"href":"https:\/\/www.forum-soegel.de\/information\/wp-json\/wp\/v2\/posts\/34734","targetHints":{"allow":["GET"]}}],"collection":[{"href":"https:\/\/www.forum-soegel.de\/information\/wp-json\/wp\/v2\/posts"}],"about":[{"href":"https:\/\/www.forum-soegel.de\/information\/wp-json\/wp\/v2\/types\/post"}],"author":[{"embeddable":true,"href":"https:\/\/www.forum-soegel.de\/information\/wp-json\/wp\/v2\/users\/2"}],"replies":[{"embeddable":true,"href":"https:\/\/www.forum-soegel.de\/information\/wp-json\/wp\/v2\/comments?post=34734"}],"version-history":[{"count":1,"href":"https:\/\/www.forum-soegel.de\/information\/wp-json\/wp\/v2\/posts\/34734\/revisions"}],"predecessor-version":[{"id":34741,"href":"https:\/\/www.forum-soegel.de\/information\/wp-json\/wp\/v2\/posts\/34734\/revisions\/34741"}],"wp:attachment":[{"href":"https:\/\/www.forum-soegel.de\/information\/wp-json\/wp\/v2\/media?parent=34734"}],"wp:term":[{"taxonomy":"category","embeddable":true,"href":"https:\/\/www.forum-soegel.de\/information\/wp-json\/wp\/v2\/categories?post=34734"},{"taxonomy":"post_tag","embeddable":true,"href":"https:\/\/www.forum-soegel.de\/information\/wp-json\/wp\/v2\/tags?post=34734"}],"curies":[{"name":"wp","href":"https:\/\/api.w.org\/{rel}","templated":true}]}}