{"id":34729,"date":"2023-06-08T18:49:58","date_gmt":"2023-06-08T16:49:58","guid":{"rendered":"https:\/\/www.forum-soegel.de\/information\/?p=34729"},"modified":"2023-06-08T18:49:58","modified_gmt":"2023-06-08T16:49:58","slug":"fachaerztin-fuer-allgemeinmedizin-tetyana-oortman-eroeffnet-neue-hausarztpraxis-in-soegel","status":"publish","type":"post","link":"https:\/\/www.forum-soegel.de\/information\/2023\/06\/fachaerztin-fuer-allgemeinmedizin-tetyana-oortman-eroeffnet-neue-hausarztpraxis-in-soegel\/","title":{"rendered":"Fach\u00e4rztin f\u00fcr Allgemeinmedizin Tetyana Oortman er\u00f6ffnet neue Hausarztpraxis in S\u00f6gel"},"content":{"rendered":"\n<p><strong>Vertreter der Samtgemeinde S\u00f6gel gratulierten zur Er\u00f6ffnung<\/strong><\/p>\n\n\n\n<p>S\u00f6gel &#8211; Die Freude war auf allen Seiten sehr gro\u00df: Samtgemeindeb\u00fcrgermeister Frank Kla\u00df und seine allgemeine Stellvertreterin Cornelia Willigmann-Kassner gratulierten mit sichtlicher Begeisterung Tetyana Oortman zur \u00dcbernahme der Praxisr\u00e4ume im Wohn- und Gesch\u00e4ftshaus an der M\u00fchlenstra\u00dfe 1 in S\u00f6gel.<\/p>\n\n\n\n<p>Oortman selbst zeigte ebenfalls ganz offen ihre Freude dar\u00fcber, dass sie ihre eigene Praxis unter sehr guten Bedingungen in S\u00f6gel er\u00f6ffnen kann. Und auch das Arzthelferinnen-Team ist sehr zufrieden damit, dass \u201eihre\u201c Praxis nun wieder mit Leben gef\u00fcllt wird.<\/p>\n\n\n\n<p>Die Praxis in S\u00f6gel ist damit keine Eigeneinrichtung der KVN mehr, sondern geht mit Oortman als selbst\u00e4ndig niedergelassener \u00c4rztin in die Regelversorgung.<\/p>\n\n\n\n<p>Oortman beendete im Jahr 2002 nach eigenen Angaben ihr Medizinstudium in der Ukraine. Im weiteren beruflichen Werdegang arbeitete sie unter anderem als Fach\u00e4rztin f\u00fcr Innere Medizin in Kiew.<\/p>\n\n\n\n<p>2005 zog Oortman in die Niederlande nahe der deutschen Grenze, wo sie neben der deutschen auch die holl\u00e4ndische Sprache erlernte. Als weitere Sprachen beherrscht sie die ukrainische und die russische Sprache.<\/p>\n\n\n\n<p>Erfahrungen sammeln konnte sie \u00fcber viele Jahre im Bereich der Allgemeinmedizin, der Inneren Medizin sowie in der Neurologie.<\/p>\n\n\n\n<p>F\u00fcr Oortman selbst stellte die leerstehende Praxis ein Gl\u00fccksgriff dar. \u201eHier ist alles vorhanden; technisches Equipment, Personal und eine tolle Praxislage. Seitens der Samtgemeinde S\u00f6gel habe ich eine hilfreiche Unterst\u00fctzung erfahren, insbesondere bei den \u00dcbernahmevertr\u00e4gen mit der Fa. Patiodoc als vorherige Praxisbetreiberin.\u201c<\/p>\n\n\n\n<p>Frank Kla\u00df und Cornelia Willigmann-Kassner dazu: \u201eAngesichts des \u00c4rztemangels in der Region sind wir sehr dankbar, dass diese Hausarztstelle wiederbesetzt wird. Wir haben dabei gerne geholfen, so wir konnten.\u201c<\/p>\n\n\n\n<p>Auch Hans Jansen als Vermieter der Praxisr\u00e4ume freut sich \u00fcber die fast l\u00fcckenlose \u00dcbernahme der R\u00e4umlichkeiten. \u201eFrau Oortman scheint eine patente \u00c4rztin zu sein. Sie wird das Vertrauen der hiesigen Patienten ganz sicher gewinnen k\u00f6nnen. Eine dauerhafte Nutzung der R\u00e4umlichkeiten als Hausarztpraxis steht damit nichts im Wege.\u201c<\/p>\n\n\n\n<p>Er gratulierte genauso wie die Vertreter der Samtgemeinde S\u00f6gel mit herzlichen Worten zur Neuer\u00f6ffnung und \u00fcberreichte ebenfalls einen Blumenstrau\u00df.<\/p>\n\n\n\n<p>Text\/Foto: Samtgemeinde S\u00f6gel<\/p>\n\n\n\n<figure class=\"wp-block-image size-large\"><a href=\"https:\/\/www.forum-soegel.de\/information\/wp-content\/uploads\/2023\/06\/Facha\u2560erztin-fu\u2560er-Allgemeinmedizin-ero\u2560effnet-neue-Hausarztpraxis-in-So\u2560egel-scaled.jpg\"><img loading=\"lazy\" decoding=\"async\" width=\"1024\" height=\"768\" src=\"https:\/\/www.forum-soegel.de\/information\/wp-content\/uploads\/2023\/06\/Facha\u2560erztin-fu\u2560er-Allgemeinmedizin-ero\u2560effnet-neue-Hausarztpraxis-in-So\u2560egel-1024x768.jpg\" alt=\"\" class=\"wp-image-34730\" srcset=\"https:\/\/www.forum-soegel.de\/information\/wp-content\/uploads\/2023\/06\/Facha\u2560erztin-fu\u2560er-Allgemeinmedizin-ero\u2560effnet-neue-Hausarztpraxis-in-So\u2560egel-1024x768.jpg 1024w, https:\/\/www.forum-soegel.de\/information\/wp-content\/uploads\/2023\/06\/Facha\u2560erztin-fu\u2560er-Allgemeinmedizin-ero\u2560effnet-neue-Hausarztpraxis-in-So\u2560egel-300x225.jpg 300w, https:\/\/www.forum-soegel.de\/information\/wp-content\/uploads\/2023\/06\/Facha\u2560erztin-fu\u2560er-Allgemeinmedizin-ero\u2560effnet-neue-Hausarztpraxis-in-So\u2560egel-768x576.jpg 768w, https:\/\/www.forum-soegel.de\/information\/wp-content\/uploads\/2023\/06\/Facha\u2560erztin-fu\u2560er-Allgemeinmedizin-ero\u2560effnet-neue-Hausarztpraxis-in-So\u2560egel-1536x1152.jpg 1536w, https:\/\/www.forum-soegel.de\/information\/wp-content\/uploads\/2023\/06\/Facha\u2560erztin-fu\u2560er-Allgemeinmedizin-ero\u2560effnet-neue-Hausarztpraxis-in-So\u2560egel-2048x1536.jpg 2048w\" sizes=\"auto, (max-width: 1024px) 100vw, 1024px\" \/><\/a><figcaption class=\"wp-element-caption\">Tetyana Oortmann (Mitte) er\u00f6ffnet ihre neue Hausarztpraxis in S\u00f6gel. Mit ihr freut sich das Praxisteam, die Vertreter der Samtgemeinde S\u00f6gel sowie Vermieter Hans Jansen. V.l.: Gaby Sievers, Hans Jansen, Nadine Schacht, Tetyana Oortman, Adele L\u00fcbbers, Melanie Oldopp, Cornelia Willigmann-Kassner und Frank Kla\u00df.<\/figcaption><\/figure>\n","protected":false},"excerpt":{"rendered":"Vertreter der Samtgemeinde S\u00f6gel gratulierten zur Er\u00f6ffnung S\u00f6gel &#8211; Die Freude war auf allen Seiten sehr gro\u00df: Samtgemeindeb\u00fcrgermeister Frank Kla\u00df und seine allgemeine Stellvertreterin Cornelia Willigmann-Kassner gratulierten mit sichtlicher Begeisterung Tetyana Oortman zur \u00dcbernahme der Praxisr\u00e4ume im Wohn- und Gesch\u00e4ftshaus an der M\u00fchlenstra\u00dfe 1 in S\u00f6gel. Oortman selbst zeigte ebenfalls ganz offen ihre Freude dar\u00fcber, [&hellip;]\n","protected":false},"author":2,"featured_media":0,"comment_status":"closed","ping_status":"closed","sticky":false,"template":"","format":"standard","meta":{"ngg_post_thumbnail":0,"footnotes":""},"categories":[25],"tags":[],"class_list":["post-34729","post","type-post","status-publish","format-standard","hentry","category-hauptsache-gesund"],"_links":{"self":[{"href":"https:\/\/www.forum-soegel.de\/information\/wp-json\/wp\/v2\/posts\/34729","targetHints":{"allow":["GET"]}}],"collection":[{"href":"https:\/\/www.forum-soegel.de\/information\/wp-json\/wp\/v2\/posts"}],"about":[{"href":"https:\/\/www.forum-soegel.de\/information\/wp-json\/wp\/v2\/types\/post"}],"author":[{"embeddable":true,"href":"https:\/\/www.forum-soegel.de\/information\/wp-json\/wp\/v2\/users\/2"}],"replies":[{"embeddable":true,"href":"https:\/\/www.forum-soegel.de\/information\/wp-json\/wp\/v2\/comments?post=34729"}],"version-history":[{"count":1,"href":"https:\/\/www.forum-soegel.de\/information\/wp-json\/wp\/v2\/posts\/34729\/revisions"}],"predecessor-version":[{"id":34731,"href":"https:\/\/www.forum-soegel.de\/information\/wp-json\/wp\/v2\/posts\/34729\/revisions\/34731"}],"wp:attachment":[{"href":"https:\/\/www.forum-soegel.de\/information\/wp-json\/wp\/v2\/media?parent=34729"}],"wp:term":[{"taxonomy":"category","embeddable":true,"href":"https:\/\/www.forum-soegel.de\/information\/wp-json\/wp\/v2\/categories?post=34729"},{"taxonomy":"post_tag","embeddable":true,"href":"https:\/\/www.forum-soegel.de\/information\/wp-json\/wp\/v2\/tags?post=34729"}],"curies":[{"name":"wp","href":"https:\/\/api.w.org\/{rel}","templated":true}]}}