{"id":34530,"date":"2023-05-11T16:18:20","date_gmt":"2023-05-11T14:18:20","guid":{"rendered":"https:\/\/www.forum-soegel.de\/information\/?p=34530"},"modified":"2023-05-11T16:18:20","modified_gmt":"2023-05-11T14:18:20","slug":"amilia-ist-das-100-baby-im-huemmling-hospital-soegel","status":"publish","type":"post","link":"https:\/\/www.forum-soegel.de\/information\/2023\/05\/amilia-ist-das-100-baby-im-huemmling-hospital-soegel\/","title":{"rendered":"Amilia ist das 100. Baby im H\u00fcmmling Hospital S\u00f6gel"},"content":{"rendered":"\n<p>S\u00f6gel &#8211; Am 20. M\u00e4rz 2023 um 8:25 Uhr erblickte Amilia das Licht der Welt. Sie ist das 100. Baby in diesem Jahr im H\u00fcmmling Hospital. Ihre Eltern freuen sich sehr \u00fcber ihren kleinen Sonnenschein. Dem 2920 Gramm schweren und 48 Zentimeter gro\u00dfen M\u00e4dchen geht es gut. Ihre Geschwister Adrian (6 Jahre) und Alessia (3 Jahre) k\u00f6nnen es kaum erwarten, dass Amilia mit ihnen spielt.<\/p>\n\n\n\n<p>Text: Linda Robbers<\/p>\n\n\n\n<p>Foto: H\u00fcmmling Hospital S\u00f6gel<\/p>\n\n\n\n<figure class=\"wp-block-image size-large\"><a href=\"https:\/\/www.forum-soegel.de\/information\/wp-content\/uploads\/2023\/05\/Amilia-ist-das-100.-Baby-im-Hu\u2560emmling-Hospital-So\u2560egel-scaled.jpeg\"><img loading=\"lazy\" decoding=\"async\" width=\"768\" height=\"1024\" src=\"https:\/\/www.forum-soegel.de\/information\/wp-content\/uploads\/2023\/05\/Amilia-ist-das-100.-Baby-im-Hu\u2560emmling-Hospital-So\u2560egel-768x1024.jpeg\" alt=\"\" class=\"wp-image-34531\" srcset=\"https:\/\/www.forum-soegel.de\/information\/wp-content\/uploads\/2023\/05\/Amilia-ist-das-100.-Baby-im-Hu\u2560emmling-Hospital-So\u2560egel-768x1024.jpeg 768w, https:\/\/www.forum-soegel.de\/information\/wp-content\/uploads\/2023\/05\/Amilia-ist-das-100.-Baby-im-Hu\u2560emmling-Hospital-So\u2560egel-225x300.jpeg 225w, https:\/\/www.forum-soegel.de\/information\/wp-content\/uploads\/2023\/05\/Amilia-ist-das-100.-Baby-im-Hu\u2560emmling-Hospital-So\u2560egel-1152x1536.jpeg 1152w, https:\/\/www.forum-soegel.de\/information\/wp-content\/uploads\/2023\/05\/Amilia-ist-das-100.-Baby-im-Hu\u2560emmling-Hospital-So\u2560egel-1536x2048.jpeg 1536w, https:\/\/www.forum-soegel.de\/information\/wp-content\/uploads\/2023\/05\/Amilia-ist-das-100.-Baby-im-Hu\u2560emmling-Hospital-So\u2560egel-scaled.jpeg 1920w\" sizes=\"auto, (max-width: 768px) 100vw, 768px\" \/><\/a><figcaption class=\"wp-element-caption\">Das H\u00fcmmling Hospital S\u00f6gel freut sich \u00fcber das 100. Baby, v.l.: Britta Pohlmann, Stationsleitung Gyn\u00e4kologie und Geburtshilfe, Monique Wouters, Gesundheits- und Krankenpflegerin und Alina Schwindeler, Stabstelle Pflege- und Patientenmanagement<\/figcaption><\/figure>\n","protected":false},"excerpt":{"rendered":"S\u00f6gel &#8211; Am 20. M\u00e4rz 2023 um 8:25 Uhr erblickte Amilia das Licht der Welt. Sie ist das 100. Baby in diesem Jahr im H\u00fcmmling Hospital. Ihre Eltern freuen sich sehr \u00fcber ihren kleinen Sonnenschein. Dem 2920 Gramm schweren und 48 Zentimeter gro\u00dfen M\u00e4dchen geht es gut. Ihre Geschwister Adrian (6 Jahre) und Alessia (3 [&hellip;]\n","protected":false},"author":2,"featured_media":0,"comment_status":"closed","ping_status":"closed","sticky":false,"template":"","format":"standard","meta":{"ngg_post_thumbnail":0,"footnotes":""},"categories":[25],"tags":[],"class_list":["post-34530","post","type-post","status-publish","format-standard","hentry","category-hauptsache-gesund"],"_links":{"self":[{"href":"https:\/\/www.forum-soegel.de\/information\/wp-json\/wp\/v2\/posts\/34530","targetHints":{"allow":["GET"]}}],"collection":[{"href":"https:\/\/www.forum-soegel.de\/information\/wp-json\/wp\/v2\/posts"}],"about":[{"href":"https:\/\/www.forum-soegel.de\/information\/wp-json\/wp\/v2\/types\/post"}],"author":[{"embeddable":true,"href":"https:\/\/www.forum-soegel.de\/information\/wp-json\/wp\/v2\/users\/2"}],"replies":[{"embeddable":true,"href":"https:\/\/www.forum-soegel.de\/information\/wp-json\/wp\/v2\/comments?post=34530"}],"version-history":[{"count":1,"href":"https:\/\/www.forum-soegel.de\/information\/wp-json\/wp\/v2\/posts\/34530\/revisions"}],"predecessor-version":[{"id":34532,"href":"https:\/\/www.forum-soegel.de\/information\/wp-json\/wp\/v2\/posts\/34530\/revisions\/34532"}],"wp:attachment":[{"href":"https:\/\/www.forum-soegel.de\/information\/wp-json\/wp\/v2\/media?parent=34530"}],"wp:term":[{"taxonomy":"category","embeddable":true,"href":"https:\/\/www.forum-soegel.de\/information\/wp-json\/wp\/v2\/categories?post=34530"},{"taxonomy":"post_tag","embeddable":true,"href":"https:\/\/www.forum-soegel.de\/information\/wp-json\/wp\/v2\/tags?post=34530"}],"curies":[{"name":"wp","href":"https:\/\/api.w.org\/{rel}","templated":true}]}}