{"id":34363,"date":"2023-04-03T18:21:34","date_gmt":"2023-04-03T16:21:34","guid":{"rendered":"https:\/\/www.forum-soegel.de\/information\/?p=34363"},"modified":"2023-04-03T18:21:34","modified_gmt":"2023-04-03T16:21:34","slug":"ein-abschied-mit-troestlichem-ende","status":"publish","type":"post","link":"https:\/\/www.forum-soegel.de\/information\/2023\/04\/ein-abschied-mit-troestlichem-ende\/","title":{"rendered":"\u201eEin Abschied mit tr\u00f6stlichem Ende\u201c:"},"content":{"rendered":"\n<p><strong>Joachim Domning \u00fcbergibt Litho-Presse an Hermann Michael Gerdes<\/strong><\/p>\n\n\n<div class=\"wp-block-image\">\n<figure class=\"alignleft size-large is-resized\"><a href=\"https:\/\/www.forum-soegel.de\/information\/wp-content\/uploads\/2023\/04\/01_Domning1-scaled.jpeg\"><img loading=\"lazy\" decoding=\"async\" src=\"https:\/\/www.forum-soegel.de\/information\/wp-content\/uploads\/2023\/04\/01_Domning1-768x1024.jpeg\" alt=\"\" class=\"wp-image-34372\" width=\"223\" height=\"297\" srcset=\"https:\/\/www.forum-soegel.de\/information\/wp-content\/uploads\/2023\/04\/01_Domning1-768x1024.jpeg 768w, https:\/\/www.forum-soegel.de\/information\/wp-content\/uploads\/2023\/04\/01_Domning1-225x300.jpeg 225w, https:\/\/www.forum-soegel.de\/information\/wp-content\/uploads\/2023\/04\/01_Domning1-1152x1536.jpeg 1152w, https:\/\/www.forum-soegel.de\/information\/wp-content\/uploads\/2023\/04\/01_Domning1-1536x2048.jpeg 1536w, https:\/\/www.forum-soegel.de\/information\/wp-content\/uploads\/2023\/04\/01_Domning1-scaled.jpeg 1920w\" sizes=\"auto, (max-width: 223px) 100vw, 223px\" \/><\/a><\/figure>\n<\/div>\n\n\n<p>S\u00f6gel. Der 89-j\u00e4hrigen S\u00f6geler Joachim Domning geh\u00f6rt zu den wenigen K\u00fcnstlern, die das Handwerk der Lithografie noch beherrschen. Nach 50 Jahren beendet Domning aus Altersgr\u00fcnden diese anstrengende Arbeit mit den schweren Werkzeugen, die er allerdings nicht \u201eauf den M\u00fcll werfen\u201c muss. Die Begeisterung f\u00fcr die Kunst will er aber noch nicht aufgeben. \u201eEin Abschied mit tr\u00f6stlichem Ende\u201c, so beschreibt der vielseitig ausgerichtete Kunstschaffende die Beendigung seiner Arbeit mit der Lithografie. Denn statt seine \u201egeschichtstr\u00e4chtige\u201c Litho-Presse mit Druckplatten und Zubeh\u00f6r entsorgen zu m\u00fcssen, was Domning bef\u00fcrchtet hatte, fand sich doch noch ein begeisterter Abnehmer: der aus S\u00f6gel stammende und jetzt in Obermoschel in der Nordpfalz t\u00e4tige K\u00fcnstlerkollege Hermann Michael Gerdes.<\/p>\n\n\n\n<p>\u201eJochen\u201c, so nennen ihn seine Freunde und Bekannten, erkl\u00e4rt gerne, wie er den Weg zur Kunst gefunden hat und was er in seinem Leben alles schon beruflich gemacht hat.<\/p>\n\n\n\n<p>Wie ist Domning nun zur Lithografie gekommen: Vor gut 50 Jahren habe ihn ein befreundeter K\u00fcnstlerkollege angerufen und erz\u00e4hlt, dass der Steinkeller einer Wormser Druckerei aufgel\u00f6st w\u00fcrde, da sie sich endg\u00fcltig von der Lithografie verabschiedete. \u00dcber den Freund konnte er rund 200 Drucksteine von gelber bis blauer Qualit\u00e4t unterschiedlicher Gr\u00f6\u00dfe \u00fcbernehmen. \u201eZwar hatte ich w\u00e4hrend des Studiums auch etwas vom Steindruck geh\u00f6rt und sp\u00e4ter im Frankfurter Karmeliter Kloster einen Kurs gemacht, aber nun sollte es ernst werden und die Ausr\u00fcstung musste beschafft werden\u201c.<\/p>\n\n\n\n<p>\u201eDas n\u00f6tige Fachwissen bekam ich aus alten B\u00fcchern und vor allem von einem Freund, der dieses Handwerk noch gelernt hatte. Aber so einfach war der Anfang nicht, und vielfach ging es prima, doch manchmal auch daneben, aber beides, ohne zu wissen, warum\u201c, erz\u00e4hlt Domning. Nach gut 50 Jahren sei nun Schluss, das fordere das Alter, bedauert der 89-j\u00e4hrige. Aber wohin mit der liebgewonnenen Litho-Ausstattung Er habe sich l\u00e4ngere Zeit in seinem Umfeld vergeblich um Interessenten bem\u00fcht.<\/p>\n\n\n\n<p>\u201eAlle Platten, die Presse und das Zubeh\u00f6r auf den M\u00fcll zu werfen, brachte ich nicht \u00fcbers Herz\u201c, betont Domning. Doch das Warten habe sich gelohnt. Die \u201eL\u00f6sung\u201c hie\u00df \u201eHMG\u201c, Hermann Michael Gerdes, der im Emsland und in seinem Heimatort S\u00f6gel kein Unbekannter sei. HMG habe, w\u00e4hrend er noch im Emsland wohnte, einige Male seine Ideen in Domnings Atelier auf Stein umgesetzt und wird die Presse und das Zubeh\u00f6r \u00fcbernehmen.<\/p>\n\n\n\n<p>\u201eIch m\u00f6chte in Jochens Sinne die Lithografie weiterf\u00fchren, damit diese fast vergessene Technik der manuellen Druckgrafik nicht in Vergessenheit ger\u00e4t, so HGM. Meine Vorhaben sind momentan, Lithografien von der n\u00e4heren Umgebung von Obermoschel zu erstellen, da hier im Umkreis sehr viele Burgruinen vorhanden sind und den Charakter dieser Landschaften mit sanften Bergen, T\u00e4lern und W\u00e4ldern pr\u00e4gen\u201c. Zudem m\u00f6chte er als Kunstp\u00e4dagoge Sch\u00fclern und Erwachsenen die Lithografie nahebringen und vermitteln.<\/p>\n\n\n\n<p>Joachim Domning will keinesfalls sein k\u00fcnstlerisches Schaffen aufgeben. Neben der Malerei in \u00d6l und Acryl geh\u00f6rt jetzt das Erstellen von Druckvorlagen aus geschnitztem Linoleum und Holz sowie Kupferstiche zu seinem Repertoire und so bleibt das Wort Langeweile bis auf Weiteres aus seinem Wortschatz gestrichen.<\/p>\n\n\n\n<p>Text\/Fotos: Lambert Brand<\/p>\n\n\n\n<figure class=\"wp-block-gallery has-nested-images columns-default is-cropped wp-block-gallery-1 is-layout-flex wp-block-gallery-is-layout-flex\">\n<figure class=\"wp-block-image size-large\"><img loading=\"lazy\" decoding=\"async\" width=\"1024\" height=\"768\" data-id=\"34365\" src=\"https:\/\/www.forum-soegel.de\/information\/wp-content\/uploads\/2023\/04\/03_Domning24-1024x768.jpeg\" alt=\"\" class=\"wp-image-34365\" srcset=\"https:\/\/www.forum-soegel.de\/information\/wp-content\/uploads\/2023\/04\/03_Domning24-1024x768.jpeg 1024w, https:\/\/www.forum-soegel.de\/information\/wp-content\/uploads\/2023\/04\/03_Domning24-300x225.jpeg 300w, https:\/\/www.forum-soegel.de\/information\/wp-content\/uploads\/2023\/04\/03_Domning24-768x576.jpeg 768w, https:\/\/www.forum-soegel.de\/information\/wp-content\/uploads\/2023\/04\/03_Domning24-1536x1152.jpeg 1536w, https:\/\/www.forum-soegel.de\/information\/wp-content\/uploads\/2023\/04\/03_Domning24-2048x1536.jpeg 2048w\" sizes=\"auto, (max-width: 1024px) 100vw, 1024px\" \/><\/figure>\n\n\n\n<figure class=\"wp-block-image size-large\"><img loading=\"lazy\" decoding=\"async\" width=\"1024\" height=\"768\" data-id=\"34364\" src=\"https:\/\/www.forum-soegel.de\/information\/wp-content\/uploads\/2023\/04\/02_Domning27-1024x768.jpeg\" alt=\"\" class=\"wp-image-34364\" srcset=\"https:\/\/www.forum-soegel.de\/information\/wp-content\/uploads\/2023\/04\/02_Domning27-1024x768.jpeg 1024w, https:\/\/www.forum-soegel.de\/information\/wp-content\/uploads\/2023\/04\/02_Domning27-300x225.jpeg 300w, https:\/\/www.forum-soegel.de\/information\/wp-content\/uploads\/2023\/04\/02_Domning27-768x576.jpeg 768w, https:\/\/www.forum-soegel.de\/information\/wp-content\/uploads\/2023\/04\/02_Domning27-1536x1152.jpeg 1536w, https:\/\/www.forum-soegel.de\/information\/wp-content\/uploads\/2023\/04\/02_Domning27-2048x1536.jpeg 2048w\" sizes=\"auto, (max-width: 1024px) 100vw, 1024px\" \/><\/figure>\n<\/figure>\n\n\n\n<p>Ein Blick in das Atelier des S\u00f6geler K\u00fcnstlers Joachim Domning, in dem sich die Vorrichtungen f\u00fcr mehrere Kunstrichtungen wiederfinden.<\/p>\n\n\n\n<figure class=\"wp-block-gallery has-nested-images columns-default is-cropped wp-block-gallery-2 is-layout-flex wp-block-gallery-is-layout-flex\">\n<figure class=\"wp-block-image size-large\"><img loading=\"lazy\" decoding=\"async\" width=\"768\" height=\"1024\" data-id=\"34366\" src=\"https:\/\/www.forum-soegel.de\/information\/wp-content\/uploads\/2023\/04\/02_Domning30-768x1024.jpeg\" alt=\"\" class=\"wp-image-34366\" srcset=\"https:\/\/www.forum-soegel.de\/information\/wp-content\/uploads\/2023\/04\/02_Domning30-768x1024.jpeg 768w, https:\/\/www.forum-soegel.de\/information\/wp-content\/uploads\/2023\/04\/02_Domning30-225x300.jpeg 225w, https:\/\/www.forum-soegel.de\/information\/wp-content\/uploads\/2023\/04\/02_Domning30-1152x1536.jpeg 1152w, https:\/\/www.forum-soegel.de\/information\/wp-content\/uploads\/2023\/04\/02_Domning30-1536x2048.jpeg 1536w, https:\/\/www.forum-soegel.de\/information\/wp-content\/uploads\/2023\/04\/02_Domning30-scaled.jpeg 1920w\" sizes=\"auto, (max-width: 768px) 100vw, 768px\" \/><\/figure>\n\n\n\n<figure class=\"wp-block-image size-large\"><img loading=\"lazy\" decoding=\"async\" width=\"1024\" height=\"768\" data-id=\"34368\" src=\"https:\/\/www.forum-soegel.de\/information\/wp-content\/uploads\/2023\/04\/01_Domning10-1024x768.jpeg\" alt=\"\" class=\"wp-image-34368\" srcset=\"https:\/\/www.forum-soegel.de\/information\/wp-content\/uploads\/2023\/04\/01_Domning10-1024x768.jpeg 1024w, https:\/\/www.forum-soegel.de\/information\/wp-content\/uploads\/2023\/04\/01_Domning10-300x225.jpeg 300w, https:\/\/www.forum-soegel.de\/information\/wp-content\/uploads\/2023\/04\/01_Domning10-768x576.jpeg 768w, https:\/\/www.forum-soegel.de\/information\/wp-content\/uploads\/2023\/04\/01_Domning10-1536x1152.jpeg 1536w, https:\/\/www.forum-soegel.de\/information\/wp-content\/uploads\/2023\/04\/01_Domning10-2048x1536.jpeg 2048w\" sizes=\"auto, (max-width: 1024px) 100vw, 1024px\" \/><\/figure>\n\n\n\n<figure class=\"wp-block-image size-large\"><img loading=\"lazy\" decoding=\"async\" width=\"1024\" height=\"768\" data-id=\"34367\" src=\"https:\/\/www.forum-soegel.de\/information\/wp-content\/uploads\/2023\/04\/01_Domning29-1024x768.jpeg\" alt=\"\" class=\"wp-image-34367\" srcset=\"https:\/\/www.forum-soegel.de\/information\/wp-content\/uploads\/2023\/04\/01_Domning29-1024x768.jpeg 1024w, https:\/\/www.forum-soegel.de\/information\/wp-content\/uploads\/2023\/04\/01_Domning29-300x225.jpeg 300w, https:\/\/www.forum-soegel.de\/information\/wp-content\/uploads\/2023\/04\/01_Domning29-768x576.jpeg 768w, https:\/\/www.forum-soegel.de\/information\/wp-content\/uploads\/2023\/04\/01_Domning29-1536x1152.jpeg 1536w, https:\/\/www.forum-soegel.de\/information\/wp-content\/uploads\/2023\/04\/01_Domning29-2048x1536.jpeg 2048w\" sizes=\"auto, (max-width: 1024px) 100vw, 1024px\" \/><\/figure>\n<\/figure>\n\n\n\n<p>Einige Lithografien und sogenannte Litho-Steine sind im Hause Domning verblieben und k\u00f6nnen erworben werden.<\/p>\n\n\n\n<figure class=\"wp-block-gallery has-nested-images columns-default is-cropped wp-block-gallery-3 is-layout-flex wp-block-gallery-is-layout-flex\">\n<figure class=\"wp-block-image size-large\"><img loading=\"lazy\" decoding=\"async\" width=\"768\" height=\"1024\" data-id=\"34369\" src=\"https:\/\/www.forum-soegel.de\/information\/wp-content\/uploads\/2023\/04\/03_Domning19-768x1024.jpeg\" alt=\"\" class=\"wp-image-34369\" srcset=\"https:\/\/www.forum-soegel.de\/information\/wp-content\/uploads\/2023\/04\/03_Domning19-768x1024.jpeg 768w, https:\/\/www.forum-soegel.de\/information\/wp-content\/uploads\/2023\/04\/03_Domning19-225x300.jpeg 225w, https:\/\/www.forum-soegel.de\/information\/wp-content\/uploads\/2023\/04\/03_Domning19-rotated.jpeg 960w\" sizes=\"auto, (max-width: 768px) 100vw, 768px\" \/><\/figure>\n\n\n\n<figure class=\"wp-block-image size-large\"><img loading=\"lazy\" decoding=\"async\" width=\"768\" height=\"1024\" data-id=\"34371\" src=\"https:\/\/www.forum-soegel.de\/information\/wp-content\/uploads\/2023\/04\/01_Domning14-768x1024.jpeg\" alt=\"\" class=\"wp-image-34371\" srcset=\"https:\/\/www.forum-soegel.de\/information\/wp-content\/uploads\/2023\/04\/01_Domning14-768x1024.jpeg 768w, https:\/\/www.forum-soegel.de\/information\/wp-content\/uploads\/2023\/04\/01_Domning14-225x300.jpeg 225w, https:\/\/www.forum-soegel.de\/information\/wp-content\/uploads\/2023\/04\/01_Domning14-rotated.jpeg 960w\" sizes=\"auto, (max-width: 768px) 100vw, 768px\" \/><\/figure>\n\n\n\n<figure class=\"wp-block-image size-large\"><img loading=\"lazy\" decoding=\"async\" width=\"768\" height=\"1024\" data-id=\"34370\" src=\"https:\/\/www.forum-soegel.de\/information\/wp-content\/uploads\/2023\/04\/02_Domning16-768x1024.jpeg\" alt=\"\" class=\"wp-image-34370\" srcset=\"https:\/\/www.forum-soegel.de\/information\/wp-content\/uploads\/2023\/04\/02_Domning16-768x1024.jpeg 768w, https:\/\/www.forum-soegel.de\/information\/wp-content\/uploads\/2023\/04\/02_Domning16-225x300.jpeg 225w, https:\/\/www.forum-soegel.de\/information\/wp-content\/uploads\/2023\/04\/02_Domning16-rotated.jpeg 960w\" sizes=\"auto, (max-width: 768px) 100vw, 768px\" \/><\/figure>\n<\/figure>\n\n\n\n<p><p class=\"MsoNormal\">Die besonders diffizile Arbeit der Erstellung von Druckvorlagen aus Linoleum, Holz und Kupfer geh\u00f6rt aktuell zum Bet\u00e4tigungsfeld des S\u00f6geler K\u00fcnstlers.<\/p> <p class=\"MsoNormal\"><o:p>\u00a0<\/o:p><\/p> <\/p>\n","protected":false},"excerpt":{"rendered":"Joachim Domning \u00fcbergibt Litho-Presse an Hermann Michael Gerdes S\u00f6gel. Der 89-j\u00e4hrigen S\u00f6geler Joachim Domning geh\u00f6rt zu den wenigen K\u00fcnstlern, die das Handwerk der Lithografie noch beherrschen. Nach 50 Jahren beendet Domning aus Altersgr\u00fcnden diese anstrengende Arbeit mit den schweren Werkzeugen, die er allerdings nicht \u201eauf den M\u00fcll werfen\u201c muss. Die Begeisterung f\u00fcr die Kunst will [&hellip;]\n","protected":false},"author":2,"featured_media":0,"comment_status":"closed","ping_status":"closed","sticky":false,"template":"","format":"standard","meta":{"ngg_post_thumbnail":0,"footnotes":""},"categories":[3],"tags":[],"class_list":["post-34363","post","type-post","status-publish","format-standard","hentry","category-aktuelles-aus-der-region"],"_links":{"self":[{"href":"https:\/\/www.forum-soegel.de\/information\/wp-json\/wp\/v2\/posts\/34363","targetHints":{"allow":["GET"]}}],"collection":[{"href":"https:\/\/www.forum-soegel.de\/information\/wp-json\/wp\/v2\/posts"}],"about":[{"href":"https:\/\/www.forum-soegel.de\/information\/wp-json\/wp\/v2\/types\/post"}],"author":[{"embeddable":true,"href":"https:\/\/www.forum-soegel.de\/information\/wp-json\/wp\/v2\/users\/2"}],"replies":[{"embeddable":true,"href":"https:\/\/www.forum-soegel.de\/information\/wp-json\/wp\/v2\/comments?post=34363"}],"version-history":[{"count":1,"href":"https:\/\/www.forum-soegel.de\/information\/wp-json\/wp\/v2\/posts\/34363\/revisions"}],"predecessor-version":[{"id":34373,"href":"https:\/\/www.forum-soegel.de\/information\/wp-json\/wp\/v2\/posts\/34363\/revisions\/34373"}],"wp:attachment":[{"href":"https:\/\/www.forum-soegel.de\/information\/wp-json\/wp\/v2\/media?parent=34363"}],"wp:term":[{"taxonomy":"category","embeddable":true,"href":"https:\/\/www.forum-soegel.de\/information\/wp-json\/wp\/v2\/categories?post=34363"},{"taxonomy":"post_tag","embeddable":true,"href":"https:\/\/www.forum-soegel.de\/information\/wp-json\/wp\/v2\/tags?post=34363"}],"curies":[{"name":"wp","href":"https:\/\/api.w.org\/{rel}","templated":true}]}}