{"id":34359,"date":"2023-04-03T18:16:12","date_gmt":"2023-04-03T16:16:12","guid":{"rendered":"https:\/\/www.forum-soegel.de\/information\/?p=34359"},"modified":"2023-04-03T18:16:12","modified_gmt":"2023-04-03T16:16:12","slug":"leader-info-tage-2023","status":"publish","type":"post","link":"https:\/\/www.forum-soegel.de\/information\/2023\/04\/leader-info-tage-2023\/","title":{"rendered":"LEADER-Info-Tage 2023"},"content":{"rendered":"\n<p>Die LEADER-Region H\u00fcmmling ist zum dritten Mal in Folge als LEADER-Gebietskulisse anerkannt worden. Damit verbunden ist ein festgelegtes Mittelbudget f\u00fcr die n\u00e4chsten f\u00fcnf Jahre. Wie diese Mittel zu beantragen sind, dar\u00fcber soll an vier LEADER-Info-Tagen informiert werden. Diese finden jeweils in den beteiligten Samtgemeinden von 18.00 Uhr bis 20.00 Uhr statt.<\/p>\n\n\n\n<p>16.05.2023: Esterwegen \u2013 Informationszentrum Dorfplatz 2, 26897 Esterwegen<\/p>\n\n\n\n<p>30.05.2023: Lathen \u2013 Vitushaus, Kirchstra\u00dfe 14, 49762 Lathen<\/p>\n\n\n\n<p>13.06.2023: Werpeloh \u2013 Mehrgenerationenhaus, Hauptstr. 31a, 49751 Werpeloh<\/p>\n\n\n\n<p>20.06.2023: Werlte \u2013 Klimacenter, Kompaniestra\u00dfe 1, 49757 Werlte<\/p>\n\n\n\n<p>Berichtet wird an diesen Terminen \u00fcber das regionale Entwicklungskonzept (REK H\u00fcmmling), Handlungsfelder, F\u00f6rdertatbest\u00e4nde, Zuwendungsempf\u00e4nger und Zuwendungsh\u00f6he. Angesprochen werden mit diesen Informationen neben den Kommunen insbesondere Vereine der Region H\u00fcmmling. Diese Region besteht aus den Samtgemeinden Nordh\u00fcmmling, S\u00f6gel und Werlte sowie aus den Mitgliedsgemeinden Fresenburg, Lathen und Renkenberge aus der Samtgemeinde Lathen. Interessierte melden sich bitte unter kontakt@leader-huemmling.de an. Bringen Sie gern auch Ihre ersten Projektideen mit. Weitere Informationen zur LEADER-Region H\u00fcmmling finden Sie auf der Homepage der Region H\u00fcmmling unter www.leader-huemmling.de.<\/p>\n\n\n\n<p>Text: Ralph Deitermann<\/p>\n","protected":false},"excerpt":{"rendered":"Die LEADER-Region H\u00fcmmling ist zum dritten Mal in Folge als LEADER-Gebietskulisse anerkannt worden. Damit verbunden ist ein festgelegtes Mittelbudget f\u00fcr die n\u00e4chsten f\u00fcnf Jahre. Wie diese Mittel zu beantragen sind, dar\u00fcber soll an vier LEADER-Info-Tagen informiert werden. Diese finden jeweils in den beteiligten Samtgemeinden von 18.00 Uhr bis 20.00 Uhr statt. 16.05.2023: Esterwegen \u2013 Informationszentrum [&hellip;]\n","protected":false},"author":2,"featured_media":0,"comment_status":"closed","ping_status":"closed","sticky":false,"template":"","format":"standard","meta":{"ngg_post_thumbnail":0,"footnotes":""},"categories":[3],"tags":[],"class_list":["post-34359","post","type-post","status-publish","format-standard","hentry","category-aktuelles-aus-der-region"],"_links":{"self":[{"href":"https:\/\/www.forum-soegel.de\/information\/wp-json\/wp\/v2\/posts\/34359","targetHints":{"allow":["GET"]}}],"collection":[{"href":"https:\/\/www.forum-soegel.de\/information\/wp-json\/wp\/v2\/posts"}],"about":[{"href":"https:\/\/www.forum-soegel.de\/information\/wp-json\/wp\/v2\/types\/post"}],"author":[{"embeddable":true,"href":"https:\/\/www.forum-soegel.de\/information\/wp-json\/wp\/v2\/users\/2"}],"replies":[{"embeddable":true,"href":"https:\/\/www.forum-soegel.de\/information\/wp-json\/wp\/v2\/comments?post=34359"}],"version-history":[{"count":1,"href":"https:\/\/www.forum-soegel.de\/information\/wp-json\/wp\/v2\/posts\/34359\/revisions"}],"predecessor-version":[{"id":34360,"href":"https:\/\/www.forum-soegel.de\/information\/wp-json\/wp\/v2\/posts\/34359\/revisions\/34360"}],"wp:attachment":[{"href":"https:\/\/www.forum-soegel.de\/information\/wp-json\/wp\/v2\/media?parent=34359"}],"wp:term":[{"taxonomy":"category","embeddable":true,"href":"https:\/\/www.forum-soegel.de\/information\/wp-json\/wp\/v2\/categories?post=34359"},{"taxonomy":"post_tag","embeddable":true,"href":"https:\/\/www.forum-soegel.de\/information\/wp-json\/wp\/v2\/tags?post=34359"}],"curies":[{"name":"wp","href":"https:\/\/api.w.org\/{rel}","templated":true}]}}