{"id":34322,"date":"2023-04-03T18:02:30","date_gmt":"2023-04-03T16:02:30","guid":{"rendered":"https:\/\/www.forum-soegel.de\/information\/?p=34322"},"modified":"2023-04-03T18:02:30","modified_gmt":"2023-04-03T16:02:30","slug":"besuch-des-klimacenters-werlte-2","status":"publish","type":"post","link":"https:\/\/www.forum-soegel.de\/information\/2023\/04\/besuch-des-klimacenters-werlte-2\/","title":{"rendered":"Besuch des Klimacenters Werlte"},"content":{"rendered":"\n<p>Spahnharrenst\u00e4tte &#8211; Die Klasse 3 besuchte im Rahmen des Sachunterrichts zum Thema Strom und Energie das Klimacenter in Werlte. Bereits am Montag war Frau Klaffke vom Klimacenter bei uns in der Schule, um mit den Sch\u00fclern Klimawandel und Klimaschutz zu thematisieren. Im Klimacenter wurden die Sch\u00fcler in zwei Gruppen aufgeteilt und von Frau Wilkens und Herrn Stevens durch die verschiedenen R\u00e4ume gef\u00fchrt. Dabei erfuhren sie etwas \u00fcber verschiedene Heizm\u00f6glichkeiten, lernten D\u00e4mmmaterial aus nachwachsenden Rohstoffen kennen und konnten an verschiedenen Stationen erfahren, wie viel Energie f\u00fcr allt\u00e4gliche Ger\u00e4te ben\u00f6tigt wird. Au\u00dferdem durfte jeder auf ein Fahrrad steigen und in die Pedalen treten. Damit konnten entweder Lampen zum Leuchten oder Luftballons zum Platzen gebracht werden. Anschlie\u00dfend lie\u00dfen die Sch\u00fcler mithilfe einer kleinen Turbine zwei kleine solarbetriebene Rennautos um die Wette fahren. Als H\u00f6hepunkt folgte eine \u201eRallye\u201c durch das Geb\u00e4ude, bei der L\u00f6sungsbuchstaben mithilfe von Fragen gesucht werden mussten. Der Vormittag hat allen sehr viel Spa\u00df gemacht und den Sch\u00fclern einen wichtigen Einblick in das Thema \u201eEnergie\u201c gegeben.<\/p>\n\n\n\n<p>Text\/Fotos: Grundschule Spahnharrenst\u00e4tte<\/p>\n\n\n\n<figure class=\"wp-block-gallery has-nested-images columns-default is-cropped wp-block-gallery-1 is-layout-flex wp-block-gallery-is-layout-flex\">\n<figure class=\"wp-block-image size-large\"><a href=\"https:\/\/www.forum-soegel.de\/information\/wp-content\/uploads\/2023\/04\/Besuch-des-Klimacenters-Werlte-2.jpg\"><img loading=\"lazy\" decoding=\"async\" width=\"768\" height=\"1024\" data-id=\"34324\" src=\"https:\/\/www.forum-soegel.de\/information\/wp-content\/uploads\/2023\/04\/Besuch-des-Klimacenters-Werlte-2-768x1024.jpg\" alt=\"\" class=\"wp-image-34324\" srcset=\"https:\/\/www.forum-soegel.de\/information\/wp-content\/uploads\/2023\/04\/Besuch-des-Klimacenters-Werlte-2-768x1023.jpg 768w, https:\/\/www.forum-soegel.de\/information\/wp-content\/uploads\/2023\/04\/Besuch-des-Klimacenters-Werlte-2-225x300.jpg 225w, https:\/\/www.forum-soegel.de\/information\/wp-content\/uploads\/2023\/04\/Besuch-des-Klimacenters-Werlte-2-1153x1536.jpg 1153w, https:\/\/www.forum-soegel.de\/information\/wp-content\/uploads\/2023\/04\/Besuch-des-Klimacenters-Werlte-2.jpg 1200w\" sizes=\"auto, (max-width: 768px) 100vw, 768px\" \/><\/a><\/figure>\n\n\n\n<figure class=\"wp-block-image size-large\"><a href=\"https:\/\/www.forum-soegel.de\/information\/wp-content\/uploads\/2023\/04\/Besuch-des-Klimacenters-Werlte-1.jpg\"><img loading=\"lazy\" decoding=\"async\" width=\"768\" height=\"1024\" data-id=\"34323\" src=\"https:\/\/www.forum-soegel.de\/information\/wp-content\/uploads\/2023\/04\/Besuch-des-Klimacenters-Werlte-1-768x1024.jpg\" alt=\"\" class=\"wp-image-34323\" srcset=\"https:\/\/www.forum-soegel.de\/information\/wp-content\/uploads\/2023\/04\/Besuch-des-Klimacenters-Werlte-1-768x1023.jpg 768w, https:\/\/www.forum-soegel.de\/information\/wp-content\/uploads\/2023\/04\/Besuch-des-Klimacenters-Werlte-1-225x300.jpg 225w, https:\/\/www.forum-soegel.de\/information\/wp-content\/uploads\/2023\/04\/Besuch-des-Klimacenters-Werlte-1-1153x1536.jpg 1153w, https:\/\/www.forum-soegel.de\/information\/wp-content\/uploads\/2023\/04\/Besuch-des-Klimacenters-Werlte-1.jpg 1200w\" sizes=\"auto, (max-width: 768px) 100vw, 768px\" \/><\/a><\/figure>\n<\/figure>\n","protected":false},"excerpt":{"rendered":"Spahnharrenst\u00e4tte &#8211; Die Klasse 3 besuchte im Rahmen des Sachunterrichts zum Thema Strom und Energie das Klimacenter in Werlte. Bereits am Montag war Frau Klaffke vom Klimacenter bei uns in der Schule, um mit den Sch\u00fclern Klimawandel und Klimaschutz zu thematisieren. Im Klimacenter wurden die Sch\u00fcler in zwei Gruppen aufgeteilt und von Frau Wilkens und [&hellip;]\n","protected":false},"author":2,"featured_media":0,"comment_status":"closed","ping_status":"closed","sticky":false,"template":"","format":"standard","meta":{"ngg_post_thumbnail":0,"footnotes":""},"categories":[6],"tags":[],"class_list":["post-34322","post","type-post","status-publish","format-standard","hentry","category-aus-der-schule-geplaudert"],"_links":{"self":[{"href":"https:\/\/www.forum-soegel.de\/information\/wp-json\/wp\/v2\/posts\/34322","targetHints":{"allow":["GET"]}}],"collection":[{"href":"https:\/\/www.forum-soegel.de\/information\/wp-json\/wp\/v2\/posts"}],"about":[{"href":"https:\/\/www.forum-soegel.de\/information\/wp-json\/wp\/v2\/types\/post"}],"author":[{"embeddable":true,"href":"https:\/\/www.forum-soegel.de\/information\/wp-json\/wp\/v2\/users\/2"}],"replies":[{"embeddable":true,"href":"https:\/\/www.forum-soegel.de\/information\/wp-json\/wp\/v2\/comments?post=34322"}],"version-history":[{"count":1,"href":"https:\/\/www.forum-soegel.de\/information\/wp-json\/wp\/v2\/posts\/34322\/revisions"}],"predecessor-version":[{"id":34325,"href":"https:\/\/www.forum-soegel.de\/information\/wp-json\/wp\/v2\/posts\/34322\/revisions\/34325"}],"wp:attachment":[{"href":"https:\/\/www.forum-soegel.de\/information\/wp-json\/wp\/v2\/media?parent=34322"}],"wp:term":[{"taxonomy":"category","embeddable":true,"href":"https:\/\/www.forum-soegel.de\/information\/wp-json\/wp\/v2\/categories?post=34322"},{"taxonomy":"post_tag","embeddable":true,"href":"https:\/\/www.forum-soegel.de\/information\/wp-json\/wp\/v2\/tags?post=34322"}],"curies":[{"name":"wp","href":"https:\/\/api.w.org\/{rel}","templated":true}]}}