{"id":34319,"date":"2023-04-03T18:01:30","date_gmt":"2023-04-03T16:01:30","guid":{"rendered":"https:\/\/www.forum-soegel.de\/information\/?p=34319"},"modified":"2023-04-03T18:01:30","modified_gmt":"2023-04-03T16:01:30","slug":"sportabzeichenverleihung-in-meppen","status":"publish","type":"post","link":"https:\/\/www.forum-soegel.de\/information\/2023\/04\/sportabzeichenverleihung-in-meppen\/","title":{"rendered":"Sportabzeichenverleihung in Meppen\u00a0\u00a0\u00a0\u00a0\u00a0\u00a0\u00a0\u00a0\u00a0\u00a0"},"content":{"rendered":"\n<p><strong>77 Sportlerinnen und Sportler ausgezeichnet<\/strong><\/p>\n\n\n\n<p>Zur Verleihung der Sportabzeichen 2022 trafen sich vor kurzem erneut einige erfolgreiche Absolventen des Sportabzeichens im Hauptgeb\u00e4ude der Sparkasse Emsland in Meppen. Nach kurzer Begr\u00fc\u00dfung durch Oliver Roosen (Vorstandsvorsitzender Sparkasse Emsland) und Patrick Vehring (KSB Emsland) f\u00fchrte Sportabzeichenpr\u00fcfer, R\u00fcdiger Smorra, als Moderator durch den Abend.<\/p>\n\n\n\n<p>Smorra, der selbst sein 59. Sportabzeichen im vergangenen Jahr erlangte, \u00fcberreichte am Abend 77 Einzel-Sportabzeichen und 9 Familien-Sportabzeichen. Vor einigen Jahren als \u201eMr.Sportabzeichen\u201c ernannt, durfte Smorra ebenfalls die Gl\u00fcckw\u00fcnsche von Oliver Roosen und den Anwesenden empfangen. Mit den Worten:\u201eWir k\u00f6nnen uns einfach nur f\u00fcr dein au\u00dferordentliches Engagement rund um das Thema Sportabzeichen bedanken\u201c, erhielt Roosen gro\u00dfen Beifall und lobte Smorra insbesondere daf\u00fcr, dass er w\u00e4hrend der Corona-Pandemie in Eigenregie die Ehrungen von Haus zu Haus brachte. Smorra \u00fcbergab, bis auf das seinige, wieder alle Abzeichen und Preise an die Geehrten. Unterst\u00fctzt wurde er dabei von KSB-Vertreter Patrick Vehring. Zum 25. Mal erhielt Manfred Schild das Abzeichen. Zum 30. Mal war Gunnar Steinemann mit dabei. Sein 40. Abzeichen wurde an Richard Stelmasczczyk \u00fcberreicht.<\/p>\n\n\n\n<p>Zum Jubil\u00e4um ist Schluss &nbsp;&nbsp;&nbsp;&nbsp;<\/p>\n\n\n\n<p>In diesem Jahr wird Sportabzeichenpr\u00fcfer R\u00fcdiger Smorra sein 60. Sportabzeichen erlangen. Passend zu diesem herausragenden Jubil\u00e4um hat der 81-J\u00e4hrige im Rahmen der Veranstaltung verk\u00fcndet, dass ab dem kommenden Jahr mit Sascha Julia Hasters eine Nachfolgerin f\u00fcr ihn gefunden wurde.<\/p>\n\n\n\n<p>Teilnehmer J\u00fcrgen Steinemann, der selbst bereits 51 Mal das Sportabzeichen \u201eerarbeitet\u201c hat, lie\u00df sich die M\u00f6glichkeit ebenfalls nicht nehmen, um R\u00fcdiger Smorra f\u00fcr seine jahrelange T\u00e4tigkeit zu danken. \u201eDu hast wie immer alles akkurat und mit viel Sorgfalt vorbereitet. Im Namen aller Absolventen k\u00f6nnen wir einfach nur \u201eDanke\u201c f\u00fcr deinen Einsatz sagen\u201c, so Steinemann. \u00a0\u00a0\u00a0<\/p>\n\n\n\n<p>Die erfolgreichen Sportabzeichenteilnehmer:<\/p>\n\n\n\n<p>Michel Ackermann, Tim Cornelius, Karen Susan Fessel, Nikolaus Fessel, Maja G\u00f6diker, Phillipp Hamhuis, Frauke K\u00f6nig, Celestine M\u00fcller, Ina Osterburg, Heike Reimann, Hanna Schwenker, Ina Stindt (je 1), Hans Eilermann, Steffen Kirchbach, Julia Moor, Christa Schl\u00fcter (je 2), Finja Hasters, Claas Hermsen, Birgit Manthey, Stefan P\u00f6ker (je 3), Ellen Ahlrich, Wilhelm Deeken (je 4), Natalia K\u00e4ssens (5), Patrick Averwerser, Heinz K\u00e4ssens, Reiner Schulz, Sabine Stocks (je 6), Heike Keuter, Birgit Schrader (je 7), Helmut Hermsen, Sonja H\u00fcsers, Bernd M\u00fcller, Elisabeth Schleper, Stefan Schrader (je 8), Christiane Augustin, Andre Mischke, Bianca Roosen (je 9), Mario Albrecht, Juliane H\u00f6mmeke, Joachim Hugenberg, Oliver Roosen (je 10), Irmen Hasse (11), Fine G\u00f6bel, Torsten Hake (je 12), Michael P\u00f6ker L\u00fcnnemann (13), Nicole Heidemann, Thomas Gebert, Sandra Geiger, Thomas Hillmann (je 14), Siegfried Bollmer, Claudia L\u00fcbbers (je 15), Anne Germing, Wolfgang V\u00f6lker (je 16), Ewald Keuter (17), Paul Schulte (18), Dr. Gerd Over, Eduard Schmeer (je 20), Heinz Borker (21), Sascha Julia Hasters (22), Manfred Schild (25), Bj\u00f6rn Pietzarka, Dr. Tobias Rolfes (je 26), Christian D\u00f6bel (28), Oliver Mogge (29), Gunnar Steinemann (30), Christian Angermann (32), Helmut Grosser (33), Gerd Schr\u00f6der (34), Doris Grudszinski (39), Richard Stelmasczczyk (40), Heinz Albers, Bibiana Hauptmann (je 42), Rita Steinemann (44), Erich Aschenbrenner, David Burghardt (je 49), J\u00fcrgen Steinemann (51), R\u00fcdiger Smorra (59).<\/p>\n\n\n\n<p>Familienwettbewerb:<\/p>\n\n\n\n<p>Reimann\/F\u00fchner (1), L\u00fcbbers\/Hermsen (3) Geiger, K\u00e4ssens (je 6), Hake, Schulz\/Manthay (je 8), Keuter, Roosen (je 9), Steinemann (31).<\/p>\n\n\n\n<p>\u00a0<\/p>\n\n\n\n<p>Text\/Foto: Patrick Vehring<\/p>\n\n\n\n<figure class=\"wp-block-image size-large\"><a href=\"https:\/\/www.forum-soegel.de\/information\/wp-content\/uploads\/2023\/04\/Sportabzeichenverleihung-in-Meppen-scaled.jpg\"><img loading=\"lazy\" decoding=\"async\" width=\"1024\" height=\"758\" src=\"https:\/\/www.forum-soegel.de\/information\/wp-content\/uploads\/2023\/04\/Sportabzeichenverleihung-in-Meppen-1024x758.jpg\" alt=\"\" class=\"wp-image-34320\" srcset=\"https:\/\/www.forum-soegel.de\/information\/wp-content\/uploads\/2023\/04\/Sportabzeichenverleihung-in-Meppen-1024x758.jpg 1024w, https:\/\/www.forum-soegel.de\/information\/wp-content\/uploads\/2023\/04\/Sportabzeichenverleihung-in-Meppen-300x222.jpg 300w, https:\/\/www.forum-soegel.de\/information\/wp-content\/uploads\/2023\/04\/Sportabzeichenverleihung-in-Meppen-768x569.jpg 768w, https:\/\/www.forum-soegel.de\/information\/wp-content\/uploads\/2023\/04\/Sportabzeichenverleihung-in-Meppen-1536x1137.jpg 1536w, https:\/\/www.forum-soegel.de\/information\/wp-content\/uploads\/2023\/04\/Sportabzeichenverleihung-in-Meppen-2048x1516.jpg 2048w\" sizes=\"auto, (max-width: 1024px) 100vw, 1024px\" \/><\/a><figcaption class=\"wp-element-caption\">Stolz pr\u00e4sentierten sich die Geehrten im Foyer der Sparkasse Emsland.<\/figcaption><\/figure>\n","protected":false},"excerpt":{"rendered":"77 Sportlerinnen und Sportler ausgezeichnet Zur Verleihung der Sportabzeichen 2022 trafen sich vor kurzem erneut einige erfolgreiche Absolventen des Sportabzeichens im Hauptgeb\u00e4ude der Sparkasse Emsland in Meppen. Nach kurzer Begr\u00fc\u00dfung durch Oliver Roosen (Vorstandsvorsitzender Sparkasse Emsland) und Patrick Vehring (KSB Emsland) f\u00fchrte Sportabzeichenpr\u00fcfer, R\u00fcdiger Smorra, als Moderator durch den Abend. Smorra, der selbst sein 59. [&hellip;]\n","protected":false},"author":2,"featured_media":0,"comment_status":"closed","ping_status":"closed","sticky":false,"template":"","format":"standard","meta":{"ngg_post_thumbnail":0,"footnotes":""},"categories":[5],"tags":[],"class_list":["post-34319","post","type-post","status-publish","format-standard","hentry","category-was-machen-die-vereine"],"_links":{"self":[{"href":"https:\/\/www.forum-soegel.de\/information\/wp-json\/wp\/v2\/posts\/34319","targetHints":{"allow":["GET"]}}],"collection":[{"href":"https:\/\/www.forum-soegel.de\/information\/wp-json\/wp\/v2\/posts"}],"about":[{"href":"https:\/\/www.forum-soegel.de\/information\/wp-json\/wp\/v2\/types\/post"}],"author":[{"embeddable":true,"href":"https:\/\/www.forum-soegel.de\/information\/wp-json\/wp\/v2\/users\/2"}],"replies":[{"embeddable":true,"href":"https:\/\/www.forum-soegel.de\/information\/wp-json\/wp\/v2\/comments?post=34319"}],"version-history":[{"count":1,"href":"https:\/\/www.forum-soegel.de\/information\/wp-json\/wp\/v2\/posts\/34319\/revisions"}],"predecessor-version":[{"id":34321,"href":"https:\/\/www.forum-soegel.de\/information\/wp-json\/wp\/v2\/posts\/34319\/revisions\/34321"}],"wp:attachment":[{"href":"https:\/\/www.forum-soegel.de\/information\/wp-json\/wp\/v2\/media?parent=34319"}],"wp:term":[{"taxonomy":"category","embeddable":true,"href":"https:\/\/www.forum-soegel.de\/information\/wp-json\/wp\/v2\/categories?post=34319"},{"taxonomy":"post_tag","embeddable":true,"href":"https:\/\/www.forum-soegel.de\/information\/wp-json\/wp\/v2\/tags?post=34319"}],"curies":[{"name":"wp","href":"https:\/\/api.w.org\/{rel}","templated":true}]}}