{"id":34306,"date":"2023-04-03T17:50:19","date_gmt":"2023-04-03T15:50:19","guid":{"rendered":"https:\/\/www.forum-soegel.de\/information\/?p=34306"},"modified":"2023-04-03T17:50:19","modified_gmt":"2023-04-03T15:50:19","slug":"kfd-spendet-an-soegeler-tafel","status":"publish","type":"post","link":"https:\/\/www.forum-soegel.de\/information\/2023\/04\/kfd-spendet-an-soegeler-tafel\/","title":{"rendered":"Kfd spendet an S\u00f6geler Tafel"},"content":{"rendered":"\n<p>Die im Rahmen der diesj\u00e4hrigen Generalversammlung der kfd S\u00f6gel durchgef\u00fchrte Dosensammlung f\u00fcr die S\u00f6geler Tafel hatte einen Betrag in H\u00f6he von 720,00 \u20ac ergeben, der nun der Tafel zugutegekommen ist. Die Spendensumme wurde allerdings gesplittet, so dass die H\u00e4lfte des Geldes in Form von Lebensmittelgutscheinen \u00fcberreicht wurden, die beim EDEKA-Markt in S\u00f6gel einzul\u00f6sen sind.<\/p>\n\n\n\n<p>Das Helferteam der Tafel nahm die Spende mit Dank entgegen. \u201eImmer mehr Menschen, sicherlich auch bedingt durch die Fl\u00fcchtlingswelle aufgrund des russischen Angriffskrieges auf die Ukraine, nehmen die Hilfe in Anspruch. Umso mehr sind wir auf finanzielle und ehrenamtliche Unterst\u00fctzung angewiesen\u201c, sagte Gertrud Janssen vom Tafel-Team.<\/p>\n\n\n\n<p>Text: Gisela Arling \/ Foto: Renate Herm\u00fchlen<\/p>\n\n\n\n<figure class=\"wp-block-image size-large\"><a href=\"https:\/\/www.forum-soegel.de\/information\/wp-content\/uploads\/2023\/04\/Kfd-spendet-an-So\u2560egeler-Tafel.jpg\"><img loading=\"lazy\" decoding=\"async\" width=\"1024\" height=\"768\" src=\"https:\/\/www.forum-soegel.de\/information\/wp-content\/uploads\/2023\/04\/Kfd-spendet-an-So\u2560egeler-Tafel-1024x768.jpg\" alt=\"\" class=\"wp-image-34307\" srcset=\"https:\/\/www.forum-soegel.de\/information\/wp-content\/uploads\/2023\/04\/Kfd-spendet-an-So\u2560egeler-Tafel-1024x768.jpg 1024w, https:\/\/www.forum-soegel.de\/information\/wp-content\/uploads\/2023\/04\/Kfd-spendet-an-So\u2560egeler-Tafel-300x225.jpg 300w, https:\/\/www.forum-soegel.de\/information\/wp-content\/uploads\/2023\/04\/Kfd-spendet-an-So\u2560egeler-Tafel-768x576.jpg 768w, https:\/\/www.forum-soegel.de\/information\/wp-content\/uploads\/2023\/04\/Kfd-spendet-an-So\u2560egeler-Tafel-1536x1152.jpg 1536w, https:\/\/www.forum-soegel.de\/information\/wp-content\/uploads\/2023\/04\/Kfd-spendet-an-So\u2560egeler-Tafel.jpg 2016w\" sizes=\"auto, (max-width: 1024px) 100vw, 1024px\" \/><\/a><figcaption class=\"wp-element-caption\">v.l.: Monika Eveld, Marion Graf, Gertrud Janssen, Annemarie Roclawski, Katharina Manchak, Karin Knipper und Christa Feldhaus<br>\u00a0<\/figcaption><\/figure>\n","protected":false},"excerpt":{"rendered":"Die im Rahmen der diesj\u00e4hrigen Generalversammlung der kfd S\u00f6gel durchgef\u00fchrte Dosensammlung f\u00fcr die S\u00f6geler Tafel hatte einen Betrag in H\u00f6he von 720,00 \u20ac ergeben, der nun der Tafel zugutegekommen ist. Die Spendensumme wurde allerdings gesplittet, so dass die H\u00e4lfte des Geldes in Form von Lebensmittelgutscheinen \u00fcberreicht wurden, die beim EDEKA-Markt in S\u00f6gel einzul\u00f6sen sind. Das [&hellip;]\n","protected":false},"author":2,"featured_media":0,"comment_status":"closed","ping_status":"closed","sticky":false,"template":"","format":"standard","meta":{"ngg_post_thumbnail":0,"footnotes":""},"categories":[5],"tags":[],"class_list":["post-34306","post","type-post","status-publish","format-standard","hentry","category-was-machen-die-vereine"],"_links":{"self":[{"href":"https:\/\/www.forum-soegel.de\/information\/wp-json\/wp\/v2\/posts\/34306","targetHints":{"allow":["GET"]}}],"collection":[{"href":"https:\/\/www.forum-soegel.de\/information\/wp-json\/wp\/v2\/posts"}],"about":[{"href":"https:\/\/www.forum-soegel.de\/information\/wp-json\/wp\/v2\/types\/post"}],"author":[{"embeddable":true,"href":"https:\/\/www.forum-soegel.de\/information\/wp-json\/wp\/v2\/users\/2"}],"replies":[{"embeddable":true,"href":"https:\/\/www.forum-soegel.de\/information\/wp-json\/wp\/v2\/comments?post=34306"}],"version-history":[{"count":1,"href":"https:\/\/www.forum-soegel.de\/information\/wp-json\/wp\/v2\/posts\/34306\/revisions"}],"predecessor-version":[{"id":34308,"href":"https:\/\/www.forum-soegel.de\/information\/wp-json\/wp\/v2\/posts\/34306\/revisions\/34308"}],"wp:attachment":[{"href":"https:\/\/www.forum-soegel.de\/information\/wp-json\/wp\/v2\/media?parent=34306"}],"wp:term":[{"taxonomy":"category","embeddable":true,"href":"https:\/\/www.forum-soegel.de\/information\/wp-json\/wp\/v2\/categories?post=34306"},{"taxonomy":"post_tag","embeddable":true,"href":"https:\/\/www.forum-soegel.de\/information\/wp-json\/wp\/v2\/tags?post=34306"}],"curies":[{"name":"wp","href":"https:\/\/api.w.org\/{rel}","templated":true}]}}