{"id":343,"date":"2010-02-07T16:08:13","date_gmt":"2010-02-07T14:08:13","guid":{"rendered":"https:\/\/www.forum-soegel.de\/information\/?p=343"},"modified":"2010-02-07T16:08:13","modified_gmt":"2010-02-07T14:08:13","slug":"modellbau-in-sogel","status":"publish","type":"post","link":"https:\/\/www.forum-soegel.de\/information\/2010\/02\/modellbau-in-sogel\/","title":{"rendered":"Modellbau in S\u00f6gel"},"content":{"rendered":"<p>Unter dem Motto \u201eS\u00f6gel in fr\u00fcherer Zeit\u201c stellt Josef Sandmann ein Modell des Ortskerns mit Bahnhofsgel\u00e4nde der Gemeinde S\u00f6gel aus fr\u00fcherer Zeit vor. Die Modellbauanlage ist nach alten Zeichnungen, Katasterunterlagen und Bildern von Heinz Schmees angefertigt worden. ist direkt am Marktplatz untergebracht.<\/p>\n<p>Dr. Heinz-J\u00fcrgen Peters stellt den Ausstellungsraum an der Clemens-August-Stra\u00dfe 27a f\u00fcr diesen Zweck zur Verf\u00fcgung. Am gestrigen Sonntag, wurde die Ausstellung um 14 Uhr er\u00f6ffnet. Zahlreiche Interessierte nutzen die Gelegenheit, sich von Josef Sandmann (Bildmitte), \u00fcber die einzelnen Geb\u00e4ude aus fr\u00fcherer Zeit erz\u00e4hlen zu lassen.<\/p>\n<p>Der Amtsbrunnen, die alte Wackerkirche, die ehemalige M\u00fchle,die Innenansicht eines fr\u00fcheren Bauernhauses lassen interessante Einblicke in die Geschichte S\u00f6gels walten. K\u00fcnftig gelten dann folgende \u00d6ffnungszeiten: Mittwoch und Sonntag von 14 \u2013 17 Uhr. F\u00fchrungen k\u00f6nnen mit Josef Sandmann unter der Telefonnummer 05952\/1457 vereinbart werden.<\/p>\n<p>Text\/Foto: IC<\/p>\n<p><a href=\"https:\/\/www.forum-soegel.de\/information\/wp-content\/uploads\/2010\/02\/HistorischesS\u00f6gelII.jpg\"><img loading=\"lazy\" decoding=\"async\" class=\"alignnone size-thumbnail wp-image-344\" title=\"HistorischesS\u00f6gelII\" src=\"https:\/\/www.forum-soegel.de\/information\/wp-content\/uploads\/2010\/02\/HistorischesS\u00f6gelII-150x150.jpg\" alt=\"\" width=\"150\" height=\"150\" \/><\/a><\/p>\n","protected":false},"excerpt":{"rendered":"Unter dem Motto \u201eS\u00f6gel in fr\u00fcherer Zeit\u201c stellt Josef Sandmann ein Modell des Ortskerns mit Bahnhofsgel\u00e4nde der Gemeinde S\u00f6gel aus fr\u00fcherer Zeit vor. Die Modellbauanlage ist nach alten Zeichnungen, Katasterunterlagen und Bildern von Heinz Schmees angefertigt worden. ist direkt am Marktplatz untergebracht. Dr. Heinz-J\u00fcrgen Peters stellt den Ausstellungsraum an der Clemens-August-Stra\u00dfe 27a f\u00fcr diesen Zweck [&hellip;]\n","protected":false},"author":2,"featured_media":0,"comment_status":"closed","ping_status":"closed","sticky":false,"template":"","format":"standard","meta":{"ngg_post_thumbnail":0,"footnotes":""},"categories":[9],"tags":[66],"class_list":["post-343","post","type-post","status-publish","format-standard","hentry","category-vergangenheit-und-gegenwart","tag-modellbau-bahnhofsgelande"],"_links":{"self":[{"href":"https:\/\/www.forum-soegel.de\/information\/wp-json\/wp\/v2\/posts\/343","targetHints":{"allow":["GET"]}}],"collection":[{"href":"https:\/\/www.forum-soegel.de\/information\/wp-json\/wp\/v2\/posts"}],"about":[{"href":"https:\/\/www.forum-soegel.de\/information\/wp-json\/wp\/v2\/types\/post"}],"author":[{"embeddable":true,"href":"https:\/\/www.forum-soegel.de\/information\/wp-json\/wp\/v2\/users\/2"}],"replies":[{"embeddable":true,"href":"https:\/\/www.forum-soegel.de\/information\/wp-json\/wp\/v2\/comments?post=343"}],"version-history":[{"count":2,"href":"https:\/\/www.forum-soegel.de\/information\/wp-json\/wp\/v2\/posts\/343\/revisions"}],"predecessor-version":[{"id":346,"href":"https:\/\/www.forum-soegel.de\/information\/wp-json\/wp\/v2\/posts\/343\/revisions\/346"}],"wp:attachment":[{"href":"https:\/\/www.forum-soegel.de\/information\/wp-json\/wp\/v2\/media?parent=343"}],"wp:term":[{"taxonomy":"category","embeddable":true,"href":"https:\/\/www.forum-soegel.de\/information\/wp-json\/wp\/v2\/categories?post=343"},{"taxonomy":"post_tag","embeddable":true,"href":"https:\/\/www.forum-soegel.de\/information\/wp-json\/wp\/v2\/tags?post=343"}],"curies":[{"name":"wp","href":"https:\/\/api.w.org\/{rel}","templated":true}]}}