{"id":34278,"date":"2023-04-03T17:37:01","date_gmt":"2023-04-03T15:37:01","guid":{"rendered":"https:\/\/www.forum-soegel.de\/information\/?p=34278"},"modified":"2023-04-03T17:37:01","modified_gmt":"2023-04-03T15:37:01","slug":"christian-thien-uebernimmt-vorsitz-des-vereins-huemmlinger-pilgerweg","status":"publish","type":"post","link":"https:\/\/www.forum-soegel.de\/information\/2023\/04\/christian-thien-uebernimmt-vorsitz-des-vereins-huemmlinger-pilgerweg\/","title":{"rendered":"Christian Thien \u00fcbernimmt Vorsitz des Vereins \u201eH\u00fcmmlinger Pilgerweg\u201c"},"content":{"rendered":"\n<p><strong>Gr\u00fcndungsmitglied Hermann Wintering stellt nach neun Jahren sein Amt zur Verf\u00fcgung<\/strong><\/p>\n\n\n\n<p>Bei der diesj\u00e4hrigen Mitgliederversammlung des Vereins \u201eH\u00fcmmlinger Pilgerweg e.V.\u201c im Marstall Clemenswerth standen neben R\u00fcckblick und geplante Aktionen auch Neuwahlen auf dem Programm.<\/p>\n\n\n\n<p>Vorsitzender Hermann Wintering sprach zu Beginn seines Berichtes von neuen Herausforderungen, die Putins Angriffskrieg auf die Ukraine mit sich gebracht h\u00e4tten. \u201eStoppt den Krieg! Das muss das Motto f\u00fcr unsere Veranstaltungen in diesem Jahr sein\u201c, betonte er. Schon beim Anpilgern im M\u00e4rz 2022 h\u00e4tten die PilgerInnen f\u00fcr den Frieden in der Welt gebetet. Dankesworte richtete Wintering an den im letzten Jahr neu gew\u00e4hlten Wegewart Hans H\u00f6mmen f\u00fcr die umfangreichen Instandhaltungsarbeiten auf dem 92 Kilometer langen Pilgerweg, in gro\u00dfartiger Unterst\u00fctzung von Hermann Niehaus. Ebenso habe der im letzten Jahr ausgeschiedene langj\u00e4hrige Wegewart Gerd Schwalbe noch gerne ausgeholfen. Ein Dankesch\u00f6n gab es von Wintering auch f\u00fcr Hermann Schmitz, der im letzten Jahr aus dem Vorstand ausgeschieden und \u201eals Gr\u00fcndungsmitglied und Urgestein\u201c den Weg mitgeplant und entwickelt habe. Nachdem Schriftf\u00fchrerin Andrea Schmees das Protokoll der letzten Versammlung verlesen hatte, wurde Kassenwart Norbert Rosema eine einwandfreie Kassenf\u00fchrung bescheinigt.<\/p>\n\n\n\n<p>R\u00fcckblickend auf das Jahr 2022 teilte Wegewart H\u00f6mmen mit, dass wieder verschiedene Aktionen, wie die Wanderung zur alten Dorfstelle Wahn mit 26 Personen, das Pilgern zu Mari\u00e4-Himmelfahrt mit 50 TeilnehmerInnen und das Frauenpilgern mit 42 Teilnehmerinnen, stattgefunden h\u00e4tten. Auch der Fotowettbewerb \u00fcber facebook sei von vielen jungen Leuten hervorragend angenommen worden.<\/p>\n\n\n\n<p>Eine Bereicherung f\u00fcr die Vorstandsarbeit sei die Teilnahme an der Klausur \u201eFit f\u00fcr den Vorstand\u201c im Februar dieses Jahres gewesen, berichtete Christian Thien. Unter der Leitung von Sandra Rickermann vom Ehrenamtsservice des Landkreises Emsland seien dabei im Rahmen eines Vereins-Checks unter anderem ehrenamtliche Vorstandsarbeit durchleuchtet und Zukunftsmodelle entwickelt worden.<\/p>\n\n\n\n<p>Wintering stellte der Versammlung noch zwei Metallstelen in Form von Pilgerfiguren vor, die von der Firma Metallbau Schmees in B\u00f6rger nach Zeichnungsvorlage von Beisitzerin Cathrin Terhorst angefertigt wurden und ihren Platz bei der Weidenkirche in B\u00f6rger finden sollen. Nach Kl\u00e4rung der Kostenfrage sei angedacht, weitere Stelen an geeigneten Pl\u00e4tzen des H\u00fcmmlinger Pilgerweges aufzustellen.<\/p>\n\n\n\n<p>Der neue Gesch\u00e4ftsf\u00fchrer des Marstalls Clemenswerth, Michael Engbers, sicherte derweil dem Verein seine Unterst\u00fctzung zu. Er freue sich, dass nun bestimmte Touren auch im Jugendbereich wieder stattfinden k\u00f6nnten und dass inzwischen 94 Anmeldungen f\u00fcr das Karfreitagspilgern vorl\u00e4gen. \u201eEs ist sch\u00f6n, dass der Verein gerade in diesen schwierigen Zeiten f\u00fcr Kirche auch noch ein Potential hat und vor allem junge Zielgruppen mit solchen Angeboten erreichen kann\u201c.<\/p>\n\n\n\n<p>Im Mittelpunkt der Versammlung standen die Neuwahlen, die Gerd Schwalbe moderierte. Hermann Wintering stellte sein Amt als 1. Vorsitzender nach neun Jahren zur Verf\u00fcgung. Einstimmig wurde daraufhin Christian Thien zum 1. Vorsitzenden gew\u00e4hlt. Den 2. Vorsitz \u00fcbernimmt nach einstimmigem Votum Cathrin Terhorst. Schriftf\u00fchrerin Andrea Schmees und Kassenwart Norbert Rosema wurden in ihren \u00c4mtern best\u00e4tig, ebenso der 1. Beisitzer Frank Rickermann sowie der 3. Beisitzer Jens Niermann. Den Posten des 2. Beisitzers hat Willi Benten nach einstimmiger Wahl \u00fcbernommen.<\/p>\n\n\n\n<p>Wintering bedankte sich beim alten Vorstand f\u00fcr das allzeit gute Miteinander. Er gratulierte dem neuen Vorstand und w\u00fcnschte weiterhin viel Erfolg. \u201eIch habe meine Arbeit sehr gerne gemacht und werde euch auch weiterhin mit Rat und Tat zur Seite stehen\u201c, versicherte er und f\u00fcgte hinzu: \u201eIch bin mir sicher, dass ohne die Vereinsgr\u00fcndung im Jahr 2014 der H\u00fcmmlinger Pilgerweg nicht in dem Zustand w\u00e4re, in dem wir ihn heute halten k\u00f6nnen. Der Pilgerverein hat immer f\u00fcr eine gute Sache gek\u00e4mpft und wird es auch weiterhin tun mit einem jungen und dynamischen Vorstand\u201c.<\/p>\n\n\n\n<p>Der ehemalige Leiter des Marstalls Clemenswerth, Christian Thien, fand gro\u00dfe Worte des Lobes und des Dankes f\u00fcr Wintering. \u201eDu hast 2008 den Weg mitbegr\u00fcndet in einem gro\u00dfen ehrenamtlichen Team und 2014 nach Vereinsgr\u00fcndung den Vorsitz \u00fcbernommen. Du hast die Fahnen hochgehalten \u00fcber so viele Jahre und dem Pilgerweg den ein oder anderen Stempel aufgedr\u00fcckt. Ohne dich g\u00e4be es zum Beispiel die Weidenkirche in B\u00f6rger nicht. Du hast deine Arbeit immer als Teamaufgabe verstanden und bist hier weiterhin jederzeit herzlich willkommen.\u201c<\/p>\n\n\n\n<p>Abschlie\u00dfend stellte Thien noch den neuen Flyer mit den Programmangeboten f\u00fcr 2023 vor und sagte: \u201eWir hoffen auf ein ganz starkes Jahr mit ganz vielen TeilnehmerInnen, die mit uns pilgern gehen und die Normalit\u00e4t erleben auf dem sch\u00f6nen Pilgerweg.\u201c<\/p>\n\n\n\n<p>Text\/Foto: Gisela Arling<\/p>\n\n\n\n<figure class=\"wp-block-image size-large\"><a href=\"https:\/\/www.forum-soegel.de\/information\/wp-content\/uploads\/2023\/04\/Christian-Thien-u\u2560ebernimmt-Vorsitz-des-Vereins-Hu\u2560emmlinger-Pilgerweg-scaled.jpg\"><img loading=\"lazy\" decoding=\"async\" width=\"1024\" height=\"768\" src=\"https:\/\/www.forum-soegel.de\/information\/wp-content\/uploads\/2023\/04\/Christian-Thien-u\u2560ebernimmt-Vorsitz-des-Vereins-Hu\u2560emmlinger-Pilgerweg-1024x768.jpg\" alt=\"\" class=\"wp-image-34279\" srcset=\"https:\/\/www.forum-soegel.de\/information\/wp-content\/uploads\/2023\/04\/Christian-Thien-u\u2560ebernimmt-Vorsitz-des-Vereins-Hu\u2560emmlinger-Pilgerweg-1024x768.jpg 1024w, https:\/\/www.forum-soegel.de\/information\/wp-content\/uploads\/2023\/04\/Christian-Thien-u\u2560ebernimmt-Vorsitz-des-Vereins-Hu\u2560emmlinger-Pilgerweg-300x225.jpg 300w, https:\/\/www.forum-soegel.de\/information\/wp-content\/uploads\/2023\/04\/Christian-Thien-u\u2560ebernimmt-Vorsitz-des-Vereins-Hu\u2560emmlinger-Pilgerweg-768x576.jpg 768w, https:\/\/www.forum-soegel.de\/information\/wp-content\/uploads\/2023\/04\/Christian-Thien-u\u2560ebernimmt-Vorsitz-des-Vereins-Hu\u2560emmlinger-Pilgerweg-1536x1152.jpg 1536w, https:\/\/www.forum-soegel.de\/information\/wp-content\/uploads\/2023\/04\/Christian-Thien-u\u2560ebernimmt-Vorsitz-des-Vereins-Hu\u2560emmlinger-Pilgerweg-2048x1536.jpg 2048w\" sizes=\"auto, (max-width: 1024px) 100vw, 1024px\" \/><\/a><figcaption class=\"wp-element-caption\">v.l.: Willi Benten, Andrea Schmees, Norbert Rosema, Frank Rickermann, Cathrin Terhorst,<br>Hermann Wintering, Christian Thien, Hermann Niehaus, Jens Niermann und Hans H\u00f6mmen<\/figcaption><\/figure>\n","protected":false},"excerpt":{"rendered":"Gr\u00fcndungsmitglied Hermann Wintering stellt nach neun Jahren sein Amt zur Verf\u00fcgung Bei der diesj\u00e4hrigen Mitgliederversammlung des Vereins \u201eH\u00fcmmlinger Pilgerweg e.V.\u201c im Marstall Clemenswerth standen neben R\u00fcckblick und geplante Aktionen auch Neuwahlen auf dem Programm. Vorsitzender Hermann Wintering sprach zu Beginn seines Berichtes von neuen Herausforderungen, die Putins Angriffskrieg auf die Ukraine mit sich gebracht h\u00e4tten. [&hellip;]\n","protected":false},"author":2,"featured_media":0,"comment_status":"closed","ping_status":"closed","sticky":false,"template":"","format":"standard","meta":{"ngg_post_thumbnail":0,"footnotes":""},"categories":[5],"tags":[],"class_list":["post-34278","post","type-post","status-publish","format-standard","hentry","category-was-machen-die-vereine"],"_links":{"self":[{"href":"https:\/\/www.forum-soegel.de\/information\/wp-json\/wp\/v2\/posts\/34278","targetHints":{"allow":["GET"]}}],"collection":[{"href":"https:\/\/www.forum-soegel.de\/information\/wp-json\/wp\/v2\/posts"}],"about":[{"href":"https:\/\/www.forum-soegel.de\/information\/wp-json\/wp\/v2\/types\/post"}],"author":[{"embeddable":true,"href":"https:\/\/www.forum-soegel.de\/information\/wp-json\/wp\/v2\/users\/2"}],"replies":[{"embeddable":true,"href":"https:\/\/www.forum-soegel.de\/information\/wp-json\/wp\/v2\/comments?post=34278"}],"version-history":[{"count":1,"href":"https:\/\/www.forum-soegel.de\/information\/wp-json\/wp\/v2\/posts\/34278\/revisions"}],"predecessor-version":[{"id":34280,"href":"https:\/\/www.forum-soegel.de\/information\/wp-json\/wp\/v2\/posts\/34278\/revisions\/34280"}],"wp:attachment":[{"href":"https:\/\/www.forum-soegel.de\/information\/wp-json\/wp\/v2\/media?parent=34278"}],"wp:term":[{"taxonomy":"category","embeddable":true,"href":"https:\/\/www.forum-soegel.de\/information\/wp-json\/wp\/v2\/categories?post=34278"},{"taxonomy":"post_tag","embeddable":true,"href":"https:\/\/www.forum-soegel.de\/information\/wp-json\/wp\/v2\/tags?post=34278"}],"curies":[{"name":"wp","href":"https:\/\/api.w.org\/{rel}","templated":true}]}}