{"id":34010,"date":"2023-02-26T17:19:59","date_gmt":"2023-02-26T16:19:59","guid":{"rendered":"https:\/\/www.forum-soegel.de\/information\/?p=34010"},"modified":"2023-02-26T17:20:43","modified_gmt":"2023-02-26T16:20:43","slug":"kolping-soegel-spaelt-theater-neurosige-tieden","status":"publish","type":"post","link":"https:\/\/www.forum-soegel.de\/information\/2023\/02\/kolping-soegel-spaelt-theater-neurosige-tieden\/","title":{"rendered":"Kolping S\u00f6gel sp\u00e4lt Theater \u201eNeurosige Tieden\u201c"},"content":{"rendered":"\n<p><strong>Plattdeutsches Theater im Heimathaus<\/strong><\/p>\n\n\n\n<p>Die Theatergruppe des Heimatvereins (ehemals Kolping) l\u00e4dt zu ihren Vorstellungen am Samstag, 11. M\u00e4rz, Sonntag, 12. M\u00e4rz, Freitag, 17. M\u00e4rz und Samstag, 18. M\u00e4rz jeweils um 19.30 Uhr herzlich ein (Eintrittspreis 6 EUR). Eine Vorstellung in Verbindung mit dem Seniorennachmittag bei Kaffee und Kuchen (Eintritt frei) findet statt am 5. M\u00e4rz um 14.30 Uhr.<\/p>\n","protected":false},"excerpt":{"rendered":"Plattdeutsches Theater im Heimathaus Die Theatergruppe des Heimatvereins (ehemals Kolping) l\u00e4dt zu ihren Vorstellungen am Samstag, 11. M\u00e4rz, Sonntag, 12. M\u00e4rz, Freitag, 17. M\u00e4rz und Samstag, 18. M\u00e4rz jeweils um 19.30 Uhr herzlich ein (Eintrittspreis 6 EUR). Eine Vorstellung in Verbindung mit dem Seniorennachmittag bei Kaffee und Kuchen (Eintritt frei) findet statt am 5. M\u00e4rz [&hellip;]\n","protected":false},"author":2,"featured_media":0,"comment_status":"closed","ping_status":"closed","sticky":false,"template":"","format":"standard","meta":{"ngg_post_thumbnail":0,"footnotes":""},"categories":[11],"tags":[],"class_list":["post-34010","post","type-post","status-publish","format-standard","hentry","category-termine"],"_links":{"self":[{"href":"https:\/\/www.forum-soegel.de\/information\/wp-json\/wp\/v2\/posts\/34010","targetHints":{"allow":["GET"]}}],"collection":[{"href":"https:\/\/www.forum-soegel.de\/information\/wp-json\/wp\/v2\/posts"}],"about":[{"href":"https:\/\/www.forum-soegel.de\/information\/wp-json\/wp\/v2\/types\/post"}],"author":[{"embeddable":true,"href":"https:\/\/www.forum-soegel.de\/information\/wp-json\/wp\/v2\/users\/2"}],"replies":[{"embeddable":true,"href":"https:\/\/www.forum-soegel.de\/information\/wp-json\/wp\/v2\/comments?post=34010"}],"version-history":[{"count":1,"href":"https:\/\/www.forum-soegel.de\/information\/wp-json\/wp\/v2\/posts\/34010\/revisions"}],"predecessor-version":[{"id":34011,"href":"https:\/\/www.forum-soegel.de\/information\/wp-json\/wp\/v2\/posts\/34010\/revisions\/34011"}],"wp:attachment":[{"href":"https:\/\/www.forum-soegel.de\/information\/wp-json\/wp\/v2\/media?parent=34010"}],"wp:term":[{"taxonomy":"category","embeddable":true,"href":"https:\/\/www.forum-soegel.de\/information\/wp-json\/wp\/v2\/categories?post=34010"},{"taxonomy":"post_tag","embeddable":true,"href":"https:\/\/www.forum-soegel.de\/information\/wp-json\/wp\/v2\/tags?post=34010"}],"curies":[{"name":"wp","href":"https:\/\/api.w.org\/{rel}","templated":true}]}}