{"id":33993,"date":"2023-02-26T17:07:55","date_gmt":"2023-02-26T16:07:55","guid":{"rendered":"https:\/\/www.forum-soegel.de\/information\/?p=33993"},"modified":"2023-02-26T17:07:55","modified_gmt":"2023-02-26T16:07:55","slug":"freudiger-jahresrueckblick-2022-und-blick-auf-2023-in-der-geburtshilfe","status":"publish","type":"post","link":"https:\/\/www.forum-soegel.de\/information\/2023\/02\/freudiger-jahresrueckblick-2022-und-blick-auf-2023-in-der-geburtshilfe\/","title":{"rendered":"Freudiger Jahresr\u00fcckblick 2022 und Blick auf 2023 in der Geburtshilfe"},"content":{"rendered":"\n<p>Am 02.01.2023 um 08:22 Uhr durfte das H\u00fcmmling Hospital S\u00f6gel das erste Baby in diesem Jahr begr\u00fc\u00dfen. Colin war bei seiner Geburt 54 cm gro\u00df und wog 3500 g.<br>Er ist das erste Kind von Jennifer und Daniel Suhrbier aus Werlte.<\/p>\n\n\n\n<p>Auch die 500ter Marke bei den Geburten wurde im Jahr 2022 wieder geknackt. Das Ereignis fand am 05.12.2022 statt. An dem Tag erblickte Sophie Wichmann mit einer Gr\u00f6\u00dfe von 56 cm und einem Gewicht von 4700 g das Licht der Welt. Das gesamte Hospital begl\u00fcckw\u00fcnscht die beiden Familien \u2013 und nat\u00fcrlich allen anderen Eltern \u2013 und w\u00fcnscht ihnen eine sch\u00f6ne Kennenlernzeit!<\/p>\n\n\n\n<p>Zum Ende des Jahres hin wird es immer spannend, der eigene \u201eRekord\u201c m\u00f6chte gebrochen werden. Doch ist es nicht das, was f\u00fcr das H\u00fcmmling Hospital z\u00e4hlt. \u201eDie Zahl 536 nehmen wir f\u00fcr das Jahr 2022 wahr, aber f\u00fcr uns z\u00e4hlt noch so viel mehr. Die vielen ersten Atemz\u00fcge, gl\u00fcckliche Eltern und vor allen Dingen freundliche MitarbeiterInnen, die tagt\u00e4glich mit so viel Engagement zur Arbeit kommen\u201c, betonte Thomas Kock, stellv. Gesch\u00e4ftsf\u00fchrer in seinem Jahresr\u00fcckblick. \u201eWir sind stolz auf diese gro\u00dfe Zahl und freuen uns auf viele weitere Babys!\u201c<\/p>\n\n\n\n<p>Text: Linda Robbers<\/p>\n\n\n\n<p>Foto: H\u00fcmmling Hospital S\u00f6gel<\/p>\n\n\n\n<figure class=\"wp-block-image size-large\"><a href=\"https:\/\/www.forum-soegel.de\/information\/wp-content\/uploads\/2023\/02\/Neujahrsbaby-und-JahresrA\u2560eckblick-.jpg\"><img loading=\"lazy\" decoding=\"async\" width=\"1024\" height=\"768\" src=\"https:\/\/www.forum-soegel.de\/information\/wp-content\/uploads\/2023\/02\/Neujahrsbaby-und-JahresrA\u2560eckblick--1024x768.jpg\" alt=\"\" class=\"wp-image-33994\" srcset=\"https:\/\/www.forum-soegel.de\/information\/wp-content\/uploads\/2023\/02\/Neujahrsbaby-und-JahresrA\u2560eckblick--1024x768.jpg 1024w, https:\/\/www.forum-soegel.de\/information\/wp-content\/uploads\/2023\/02\/Neujahrsbaby-und-JahresrA\u2560eckblick--300x225.jpg 300w, https:\/\/www.forum-soegel.de\/information\/wp-content\/uploads\/2023\/02\/Neujahrsbaby-und-JahresrA\u2560eckblick--768x576.jpg 768w, https:\/\/www.forum-soegel.de\/information\/wp-content\/uploads\/2023\/02\/Neujahrsbaby-und-JahresrA\u2560eckblick--1536x1152.jpg 1536w, https:\/\/www.forum-soegel.de\/information\/wp-content\/uploads\/2023\/02\/Neujahrsbaby-und-JahresrA\u2560eckblick-.jpg 2000w\" sizes=\"auto, (max-width: 1024px) 100vw, 1024px\" \/><\/a><figcaption class=\"wp-element-caption\">Colin Suhrbier begr\u00fc\u00dfte in diesem Jahr als erstes Baby das Licht der Welt im H\u00fcmmling Hospital S\u00f6gel.<\/figcaption><\/figure>\n","protected":false},"excerpt":{"rendered":"Am 02.01.2023 um 08:22 Uhr durfte das H\u00fcmmling Hospital S\u00f6gel das erste Baby in diesem Jahr begr\u00fc\u00dfen. Colin war bei seiner Geburt 54 cm gro\u00df und wog 3500 g.Er ist das erste Kind von Jennifer und Daniel Suhrbier aus Werlte. Auch die 500ter Marke bei den Geburten wurde im Jahr 2022 wieder geknackt. Das Ereignis [&hellip;]\n","protected":false},"author":2,"featured_media":0,"comment_status":"closed","ping_status":"closed","sticky":false,"template":"","format":"standard","meta":{"ngg_post_thumbnail":0,"footnotes":""},"categories":[25],"tags":[],"class_list":["post-33993","post","type-post","status-publish","format-standard","hentry","category-hauptsache-gesund"],"_links":{"self":[{"href":"https:\/\/www.forum-soegel.de\/information\/wp-json\/wp\/v2\/posts\/33993","targetHints":{"allow":["GET"]}}],"collection":[{"href":"https:\/\/www.forum-soegel.de\/information\/wp-json\/wp\/v2\/posts"}],"about":[{"href":"https:\/\/www.forum-soegel.de\/information\/wp-json\/wp\/v2\/types\/post"}],"author":[{"embeddable":true,"href":"https:\/\/www.forum-soegel.de\/information\/wp-json\/wp\/v2\/users\/2"}],"replies":[{"embeddable":true,"href":"https:\/\/www.forum-soegel.de\/information\/wp-json\/wp\/v2\/comments?post=33993"}],"version-history":[{"count":1,"href":"https:\/\/www.forum-soegel.de\/information\/wp-json\/wp\/v2\/posts\/33993\/revisions"}],"predecessor-version":[{"id":33995,"href":"https:\/\/www.forum-soegel.de\/information\/wp-json\/wp\/v2\/posts\/33993\/revisions\/33995"}],"wp:attachment":[{"href":"https:\/\/www.forum-soegel.de\/information\/wp-json\/wp\/v2\/media?parent=33993"}],"wp:term":[{"taxonomy":"category","embeddable":true,"href":"https:\/\/www.forum-soegel.de\/information\/wp-json\/wp\/v2\/categories?post=33993"},{"taxonomy":"post_tag","embeddable":true,"href":"https:\/\/www.forum-soegel.de\/information\/wp-json\/wp\/v2\/tags?post=33993"}],"curies":[{"name":"wp","href":"https:\/\/api.w.org\/{rel}","templated":true}]}}