{"id":33807,"date":"2023-01-03T14:35:48","date_gmt":"2023-01-03T13:35:48","guid":{"rendered":"https:\/\/www.forum-soegel.de\/information\/?p=33807"},"modified":"2023-01-03T14:35:48","modified_gmt":"2023-01-03T13:35:48","slug":"fuer-vielfalt-und-toleranz-und-gegen-ausgrenzung","status":"publish","type":"post","link":"https:\/\/www.forum-soegel.de\/information\/2023\/01\/fuer-vielfalt-und-toleranz-und-gegen-ausgrenzung\/","title":{"rendered":"F\u00fcr Vielfalt und Toleranz und gegen Ausgrenzung"},"content":{"rendered":"\n<p><strong>Projekttage an der Oberschule -Schule am Schloss- in S\u00f6gel<\/strong><\/p>\n\n\n\n<p>Nach zweij\u00e4hriger Corona-Pause konnten endlich wieder die traditionellen und von den Sch\u00fclern hei\u00df begehrten Projekttage stattfinden.<\/p>\n\n\n\n<p>Als \u00b4Schule ohne Rassismus und Schule mit Courage` setzten diese die Thematik \u201eAbenteuer Vielfalt: f\u00fcreinander \u2013 miteinander\u201c gemeinsam mit ihren LehrerInnen in unterschiedlichen Projekten in die Realit\u00e4t um. Eifrig und mit gro\u00dfem Interesse legten sich die Sch\u00fclerInnen an drei Tagen handwerklich, k\u00fcnstlerisch, musikalisch oder szenisch ins Zeug, um dann die Ergebnisse ihrer Projekte vor ca. 600 Sch\u00fclern und Lehrern in der Schulmensa und Pausenhalle der Oberschule zu pr\u00e4sentieren. Zum Einstieg gab es ein Theaterst\u00fcck, bei dem Sch\u00fclerInnen ausgrenzende Erlebnisse nachstellten.<\/p>\n\n\n\n<p>Auch die Kinder der Tagesbildungsst\u00e4tte des St. Lukas-Heims Papenburg brachten sich in Kooperation mit der Oberschule S\u00f6gel bei den Projekten \u201eMenschen mit Handicap\/Wahrnehmungsschulung\u201c, \u201eMitmacherkunst\u201c oder \u201eKulinarisches\u201c aus aller Welt mit ein. Zudem stellten sie mit einem Video-Film die Tagesbildungsst\u00e4tte vor und beantworteten die Frage: Welche Kinder werden hier beschult?<\/p>\n\n\n\n<p>Insgesamt kamen 25 Projekte mit unterschiedlichen Schwerpunkten zustande, wie zum Beispiel \u201eFair Trade\u201c, \u201eGemeinsam im Verein\u201c, \u201ePoetry Slam\u201c, \u201eSchulpodcast\u201c, \u201eKooperationsspiele\u201c, \u201eWand der Weltreligionen\u201c, \u201eWegweiser\u201c oder \u201eSexuelle Vielfalt\u201c. Bei dem Projekt \u201eIntegrationspaten\u201c, bei dem die Jugendlichen die Unterschiede und Gemeinsamkeiten von Integration, Inklusion und Migration kennenlernten, erkl\u00e4rten sich anschlie\u00dfend mehrere bereit, eine Patenschaft zu \u00fcbernehmen.<\/p>\n\n\n\n<p>Andere Projekte befassten sich mit der Erstellung einer guten Sch\u00fclerzeitung, mit selbst geschriebenen Gedichten oder mit dem Analysieren von Kino-Filmen und Geschichten zu Vielfalt und Toleranz.<\/p>\n\n\n\n<p>Weitere Gruppen setzten sich mit \u201eWiderstandsk\u00e4mpferInnen\u201c und \u201eJ\u00fcdisches Leben in S\u00f6gel\u201c auseinander und pr\u00e4sentierten die Ergebnisse auf angefertigten Plakaten. Zudem wurden die Stolpersteine in S\u00f6gel gereinigt und ein \u201eVirtueller Ortsf\u00fchrer\u201c zu den Stolpersteinen vorgestellt. Dabei wurde auf einem Flyer auch ein QR-Code erstellt. \u201eMit dieser Aktion soll an die S\u00f6geler Opfer des Holocausts erinnert werden, damit deren Geschichte nicht in Vergessenheit ger\u00e4t\u201c, erkl\u00e4rten die Jugendlichen. Dieses Projektergebnis wird bereits in die vom Forum initiierte neue Gedenkst\u00e4tte in der Ortsmitte S\u00f6gels einflie\u00dfen.<\/p>\n\n\n\n<p>Ein weiteres Sch\u00fclerteam hatte es sich zur Aufgabe gemacht, alle Projekte zu dokumentieren und zu digitalisieren.<\/p>\n\n\n\n<p>Interessante Instrumentalst\u00fccke und von Sch\u00fclerInnen selbst geschriebene und vorgetragene Rock- und Rappersongs zu Toleranz und Vielfalt rundeten das mehrst\u00fcndige Programm ab.<\/p>\n\n\n\n<p>Schulleiterin Maria Lau bedankte sich bei den Sch\u00fclerInnen und Lehrkr\u00e4ften f\u00fcr das gro\u00dfartige Engagement w\u00e4hrend der Projekttage und f\u00fcgte hinzu: \u201eWir f\u00fchlen uns als Schule ohne Rassismus und Schule mit Courage selbstverst\u00e4ndlich auch weiterhin verpflichtet, uns f\u00fcr ein respektvolles Miteinander einzusetzen und uns gegen Ausgrenzungen jeglicher Art zu engagieren\u201c.<\/p>\n\n\n\n<p>Text\/Fotos Gisela Arling<\/p>\n\n\n\n<figure class=\"wp-block-gallery has-nested-images columns-2 is-cropped wp-block-gallery-1 is-layout-flex wp-block-gallery-is-layout-flex\">\n<figure class=\"wp-block-image size-large\"><a href=\"https:\/\/www.forum-soegel.de\/information\/wp-content\/uploads\/2023\/01\/02_Gemeinsam-im-Verein-scaled.jpg\"><img loading=\"lazy\" decoding=\"async\" width=\"1024\" height=\"519\" data-id=\"33812\" src=\"https:\/\/www.forum-soegel.de\/information\/wp-content\/uploads\/2023\/01\/02_Gemeinsam-im-Verein-1024x519.jpg\" alt=\"\" class=\"wp-image-33812\" srcset=\"https:\/\/www.forum-soegel.de\/information\/wp-content\/uploads\/2023\/01\/02_Gemeinsam-im-Verein-1024x519.jpg 1024w, https:\/\/www.forum-soegel.de\/information\/wp-content\/uploads\/2023\/01\/02_Gemeinsam-im-Verein-300x152.jpg 300w, https:\/\/www.forum-soegel.de\/information\/wp-content\/uploads\/2023\/01\/02_Gemeinsam-im-Verein-768x389.jpg 768w, https:\/\/www.forum-soegel.de\/information\/wp-content\/uploads\/2023\/01\/02_Gemeinsam-im-Verein-1536x778.jpg 1536w, https:\/\/www.forum-soegel.de\/information\/wp-content\/uploads\/2023\/01\/02_Gemeinsam-im-Verein-2048x1038.jpg 2048w\" sizes=\"auto, (max-width: 1024px) 100vw, 1024px\" \/><\/a><\/figure>\n\n\n\n<figure class=\"wp-block-image size-large\"><a href=\"https:\/\/www.forum-soegel.de\/information\/wp-content\/uploads\/2023\/01\/03_Projekt-scaled.jpg\"><img loading=\"lazy\" decoding=\"async\" width=\"1024\" height=\"832\" data-id=\"33808\" src=\"https:\/\/www.forum-soegel.de\/information\/wp-content\/uploads\/2023\/01\/03_Projekt-1024x832.jpg\" alt=\"\" class=\"wp-image-33808\" srcset=\"https:\/\/www.forum-soegel.de\/information\/wp-content\/uploads\/2023\/01\/03_Projekt-1024x832.jpg 1024w, https:\/\/www.forum-soegel.de\/information\/wp-content\/uploads\/2023\/01\/03_Projekt-300x244.jpg 300w, https:\/\/www.forum-soegel.de\/information\/wp-content\/uploads\/2023\/01\/03_Projekt-768x624.jpg 768w, https:\/\/www.forum-soegel.de\/information\/wp-content\/uploads\/2023\/01\/03_Projekt-1536x1247.jpg 1536w, https:\/\/www.forum-soegel.de\/information\/wp-content\/uploads\/2023\/01\/03_Projekt-2048x1663.jpg 2048w\" sizes=\"auto, (max-width: 1024px) 100vw, 1024px\" \/><\/a><\/figure>\n\n\n\n<figure class=\"wp-block-image size-large\"><a href=\"https:\/\/www.forum-soegel.de\/information\/wp-content\/uploads\/2023\/01\/09_Queere-scaled.jpg\"><img loading=\"lazy\" decoding=\"async\" width=\"1024\" height=\"636\" data-id=\"33810\" src=\"https:\/\/www.forum-soegel.de\/information\/wp-content\/uploads\/2023\/01\/09_Queere-1024x636.jpg\" alt=\"\" class=\"wp-image-33810\" srcset=\"https:\/\/www.forum-soegel.de\/information\/wp-content\/uploads\/2023\/01\/09_Queere-1024x636.jpg 1024w, https:\/\/www.forum-soegel.de\/information\/wp-content\/uploads\/2023\/01\/09_Queere-300x186.jpg 300w, https:\/\/www.forum-soegel.de\/information\/wp-content\/uploads\/2023\/01\/09_Queere-768x477.jpg 768w, https:\/\/www.forum-soegel.de\/information\/wp-content\/uploads\/2023\/01\/09_Queere-1536x954.jpg 1536w, https:\/\/www.forum-soegel.de\/information\/wp-content\/uploads\/2023\/01\/09_Queere-2048x1272.jpg 2048w\" sizes=\"auto, (max-width: 1024px) 100vw, 1024px\" \/><\/a><\/figure>\n\n\n\n<figure class=\"wp-block-image size-large\"><a href=\"https:\/\/www.forum-soegel.de\/information\/wp-content\/uploads\/2023\/01\/01_Foto-Vielfalt-scaled.jpg\"><img loading=\"lazy\" decoding=\"async\" width=\"768\" height=\"1024\" data-id=\"33813\" src=\"https:\/\/www.forum-soegel.de\/information\/wp-content\/uploads\/2023\/01\/01_Foto-Vielfalt-768x1024.jpg\" alt=\"\" class=\"wp-image-33813\" srcset=\"https:\/\/www.forum-soegel.de\/information\/wp-content\/uploads\/2023\/01\/01_Foto-Vielfalt-768x1024.jpg 768w, https:\/\/www.forum-soegel.de\/information\/wp-content\/uploads\/2023\/01\/01_Foto-Vielfalt-225x300.jpg 225w, https:\/\/www.forum-soegel.de\/information\/wp-content\/uploads\/2023\/01\/01_Foto-Vielfalt-1152x1536.jpg 1152w, https:\/\/www.forum-soegel.de\/information\/wp-content\/uploads\/2023\/01\/01_Foto-Vielfalt-1536x2048.jpg 1536w, https:\/\/www.forum-soegel.de\/information\/wp-content\/uploads\/2023\/01\/01_Foto-Vielfalt-scaled.jpg 1920w\" sizes=\"auto, (max-width: 768px) 100vw, 768px\" \/><\/a><\/figure>\n\n\n\n<figure class=\"wp-block-image size-large\"><a href=\"https:\/\/www.forum-soegel.de\/information\/wp-content\/uploads\/2023\/01\/03_Herzlich-willkommen-Schilder-scaled.jpg\"><img loading=\"lazy\" decoding=\"async\" width=\"1024\" height=\"487\" data-id=\"33809\" src=\"https:\/\/www.forum-soegel.de\/information\/wp-content\/uploads\/2023\/01\/03_Herzlich-willkommen-Schilder-1024x487.jpg\" alt=\"\" class=\"wp-image-33809\" srcset=\"https:\/\/www.forum-soegel.de\/information\/wp-content\/uploads\/2023\/01\/03_Herzlich-willkommen-Schilder-1024x487.jpg 1024w, https:\/\/www.forum-soegel.de\/information\/wp-content\/uploads\/2023\/01\/03_Herzlich-willkommen-Schilder-300x143.jpg 300w, https:\/\/www.forum-soegel.de\/information\/wp-content\/uploads\/2023\/01\/03_Herzlich-willkommen-Schilder-768x365.jpg 768w, https:\/\/www.forum-soegel.de\/information\/wp-content\/uploads\/2023\/01\/03_Herzlich-willkommen-Schilder-1536x731.jpg 1536w, https:\/\/www.forum-soegel.de\/information\/wp-content\/uploads\/2023\/01\/03_Herzlich-willkommen-Schilder-2048x974.jpg 2048w\" sizes=\"auto, (max-width: 1024px) 100vw, 1024px\" \/><\/a><\/figure>\n<\/figure>\n\n\n\n<figure class=\"wp-block-image size-large\"><a href=\"https:\/\/www.forum-soegel.de\/information\/wp-content\/uploads\/2023\/01\/07_Prall-gefu\u2560ellte-Mensa-scaled.jpg\"><img loading=\"lazy\" decoding=\"async\" width=\"1024\" height=\"508\" src=\"https:\/\/www.forum-soegel.de\/information\/wp-content\/uploads\/2023\/01\/07_Prall-gefu\u2560ellte-Mensa-1024x508.jpg\" alt=\"\" class=\"wp-image-33811\" srcset=\"https:\/\/www.forum-soegel.de\/information\/wp-content\/uploads\/2023\/01\/07_Prall-gefu\u2560ellte-Mensa-1024x508.jpg 1024w, https:\/\/www.forum-soegel.de\/information\/wp-content\/uploads\/2023\/01\/07_Prall-gefu\u2560ellte-Mensa-300x149.jpg 300w, https:\/\/www.forum-soegel.de\/information\/wp-content\/uploads\/2023\/01\/07_Prall-gefu\u2560ellte-Mensa-768x381.jpg 768w, https:\/\/www.forum-soegel.de\/information\/wp-content\/uploads\/2023\/01\/07_Prall-gefu\u2560ellte-Mensa-1536x761.jpg 1536w, https:\/\/www.forum-soegel.de\/information\/wp-content\/uploads\/2023\/01\/07_Prall-gefu\u2560ellte-Mensa-2048x1015.jpg 2048w\" sizes=\"auto, (max-width: 1024px) 100vw, 1024px\" \/><\/a><\/figure>\n","protected":false},"excerpt":{"rendered":"Projekttage an der Oberschule -Schule am Schloss- in S\u00f6gel Nach zweij\u00e4hriger Corona-Pause konnten endlich wieder die traditionellen und von den Sch\u00fclern hei\u00df begehrten Projekttage stattfinden. Als \u00b4Schule ohne Rassismus und Schule mit Courage` setzten diese die Thematik \u201eAbenteuer Vielfalt: f\u00fcreinander \u2013 miteinander\u201c gemeinsam mit ihren LehrerInnen in unterschiedlichen Projekten in die Realit\u00e4t um. Eifrig und [&hellip;]\n","protected":false},"author":2,"featured_media":0,"comment_status":"closed","ping_status":"closed","sticky":false,"template":"","format":"standard","meta":{"ngg_post_thumbnail":0,"footnotes":""},"categories":[6],"tags":[],"class_list":["post-33807","post","type-post","status-publish","format-standard","hentry","category-aus-der-schule-geplaudert"],"_links":{"self":[{"href":"https:\/\/www.forum-soegel.de\/information\/wp-json\/wp\/v2\/posts\/33807","targetHints":{"allow":["GET"]}}],"collection":[{"href":"https:\/\/www.forum-soegel.de\/information\/wp-json\/wp\/v2\/posts"}],"about":[{"href":"https:\/\/www.forum-soegel.de\/information\/wp-json\/wp\/v2\/types\/post"}],"author":[{"embeddable":true,"href":"https:\/\/www.forum-soegel.de\/information\/wp-json\/wp\/v2\/users\/2"}],"replies":[{"embeddable":true,"href":"https:\/\/www.forum-soegel.de\/information\/wp-json\/wp\/v2\/comments?post=33807"}],"version-history":[{"count":1,"href":"https:\/\/www.forum-soegel.de\/information\/wp-json\/wp\/v2\/posts\/33807\/revisions"}],"predecessor-version":[{"id":33814,"href":"https:\/\/www.forum-soegel.de\/information\/wp-json\/wp\/v2\/posts\/33807\/revisions\/33814"}],"wp:attachment":[{"href":"https:\/\/www.forum-soegel.de\/information\/wp-json\/wp\/v2\/media?parent=33807"}],"wp:term":[{"taxonomy":"category","embeddable":true,"href":"https:\/\/www.forum-soegel.de\/information\/wp-json\/wp\/v2\/categories?post=33807"},{"taxonomy":"post_tag","embeddable":true,"href":"https:\/\/www.forum-soegel.de\/information\/wp-json\/wp\/v2\/tags?post=33807"}],"curies":[{"name":"wp","href":"https:\/\/api.w.org\/{rel}","templated":true}]}}