{"id":33800,"date":"2023-01-03T14:27:29","date_gmt":"2023-01-03T13:27:29","guid":{"rendered":"https:\/\/www.forum-soegel.de\/information\/?p=33800"},"modified":"2023-01-03T14:27:29","modified_gmt":"2023-01-03T13:27:29","slug":"aus-kappenfest-wird-muetzenfest","status":"publish","type":"post","link":"https:\/\/www.forum-soegel.de\/information\/2023\/01\/aus-kappenfest-wird-muetzenfest\/","title":{"rendered":"Aus Kappenfest wird M\u00fctzenfest"},"content":{"rendered":"<div class=\"wp-block-image\">\n<figure class=\"alignleft size-full is-resized\"><a href=\"https:\/\/www.forum-soegel.de\/information\/wp-content\/uploads\/2023\/01\/Aus-Kappenfest-wird-MA\u2560etzenfest.jpg\"><img loading=\"lazy\" decoding=\"async\" src=\"https:\/\/www.forum-soegel.de\/information\/wp-content\/uploads\/2023\/01\/Aus-Kappenfest-wird-MA\u2560etzenfest.jpg\" alt=\"\" class=\"wp-image-33801\" width=\"271\" height=\"383\" srcset=\"https:\/\/www.forum-soegel.de\/information\/wp-content\/uploads\/2023\/01\/Aus-Kappenfest-wird-MA\u2560etzenfest.jpg 724w, https:\/\/www.forum-soegel.de\/information\/wp-content\/uploads\/2023\/01\/Aus-Kappenfest-wird-MA\u2560etzenfest-212x300.jpg 212w\" sizes=\"auto, (max-width: 271px) 100vw, 271px\" \/><\/a><\/figure>\n<\/div>\n\n\n<p>Auftakt der S\u00f6geler Karnevalssaison mit dem M\u00fctzenfest und neuem Prinzenpaar<\/p>\n\n\n\n<p>S\u00f6gel &#8211; Den Auftakt der S\u00f6geler Karnevalssession bildet das Kappenfest, das in dieser Saison am 21. Januar 2023 im Clemenswerther Hof stattfindet. Erstmals wird das Fest von der Kolpingkapelle S\u00f6gel ausgerichtet. Damit hat die Kolpingfamilie S\u00f6gel\/Stavern das Zepter der Organisation dieses traditionellen Festes in neue H\u00e4nde vergeben.<\/p>\n\n\n\n<p>In diesem Zuge hat das neue Organisationsteam das Fest umbenannt; aus Kappenfest wird M\u00fctzenfest. Stephan Schmees, Vorsitzender der Kolpingkapelle S\u00f6gel und zugleich amtierender Regent, wird mit seiner Mitregentin Maria Schmees beim M\u00fctzenfest dann auch das neue Prinzenpaar vorstellen d\u00fcrfen. Es ist gute Tradition geworden, dass der Elferrat aus den heimischen Gruppen und Vereinen gebildet bzw. gestellt wird. Schmees: \u201eEs ist allj\u00e4hrlich eines des bestgeh\u00fcteten Geheimnisses in S\u00f6gel, wer denn nun das neue Prinzenpaar wird.\u201c Die amtierenden Regenten Maria und Stephan Schmees sind coronabedingt drei Jahre im Amt gewesen.<\/p>\n\n\n\n<p>Der Vorstand der Kolpingkapelle S\u00f6gel freut sich besonders dar\u00fcber, dass er beim M\u00fctzenfest von S\u00f6geler Jugendlichen und Erwachsenen, die sich als Gruppierung \u201eHeimatfest\u201c benennen, unterst\u00fctzt wird. So soll das M\u00fctzenfest durch neue erste Ideen aufgepeppt werden. G\u00e4ste d\u00fcrfen sich freuen auf eine ver\u00e4nderte Ausstattung des Festsaales, auf abwechslungsreiche Musik und witzigen Beitr\u00e4gen. Es soll eine junge Party werden, zeitgem\u00e4\u00df, aber doch f\u00fcr alle Altersgruppen interessant.<\/p>\n\n\n\n<p>Seinen weiteren Verlauf nimmt der S\u00f6geler Karneval mit den 4 Sitzungen der Kolpingskapelle im Clemenswerther Hof am 3.\/4.\/10. und 11. Februar 2023. Karten dazu gibt es im Kartenvorverkauf beim Clemenswerther Hof (Tel.: 05952\/1230).<\/p>\n\n\n\n<p>Text: Ingrid Cloppenburg<\/p>\n","protected":false},"excerpt":{"rendered":"Auftakt der S\u00f6geler Karnevalssaison mit dem M\u00fctzenfest und neuem Prinzenpaar S\u00f6gel &#8211; Den Auftakt der S\u00f6geler Karnevalssession bildet das Kappenfest, das in dieser Saison am 21. Januar 2023 im Clemenswerther Hof stattfindet. Erstmals wird das Fest von der Kolpingkapelle S\u00f6gel ausgerichtet. Damit hat die Kolpingfamilie S\u00f6gel\/Stavern das Zepter der Organisation dieses traditionellen Festes in neue [&hellip;]\n","protected":false},"author":2,"featured_media":0,"comment_status":"closed","ping_status":"closed","sticky":false,"template":"","format":"standard","meta":{"ngg_post_thumbnail":0,"footnotes":""},"categories":[11],"tags":[],"class_list":["post-33800","post","type-post","status-publish","format-standard","hentry","category-termine"],"_links":{"self":[{"href":"https:\/\/www.forum-soegel.de\/information\/wp-json\/wp\/v2\/posts\/33800","targetHints":{"allow":["GET"]}}],"collection":[{"href":"https:\/\/www.forum-soegel.de\/information\/wp-json\/wp\/v2\/posts"}],"about":[{"href":"https:\/\/www.forum-soegel.de\/information\/wp-json\/wp\/v2\/types\/post"}],"author":[{"embeddable":true,"href":"https:\/\/www.forum-soegel.de\/information\/wp-json\/wp\/v2\/users\/2"}],"replies":[{"embeddable":true,"href":"https:\/\/www.forum-soegel.de\/information\/wp-json\/wp\/v2\/comments?post=33800"}],"version-history":[{"count":1,"href":"https:\/\/www.forum-soegel.de\/information\/wp-json\/wp\/v2\/posts\/33800\/revisions"}],"predecessor-version":[{"id":33802,"href":"https:\/\/www.forum-soegel.de\/information\/wp-json\/wp\/v2\/posts\/33800\/revisions\/33802"}],"wp:attachment":[{"href":"https:\/\/www.forum-soegel.de\/information\/wp-json\/wp\/v2\/media?parent=33800"}],"wp:term":[{"taxonomy":"category","embeddable":true,"href":"https:\/\/www.forum-soegel.de\/information\/wp-json\/wp\/v2\/categories?post=33800"},{"taxonomy":"post_tag","embeddable":true,"href":"https:\/\/www.forum-soegel.de\/information\/wp-json\/wp\/v2\/tags?post=33800"}],"curies":[{"name":"wp","href":"https:\/\/api.w.org\/{rel}","templated":true}]}}