{"id":3379,"date":"2010-10-01T09:50:27","date_gmt":"2010-10-01T07:50:27","guid":{"rendered":"https:\/\/www.forum-soegel.de\/information\/?p=3379"},"modified":"2010-10-01T09:30:23","modified_gmt":"2010-10-01T07:30:23","slug":"wir-gratulieren","status":"publish","type":"post","link":"https:\/\/www.forum-soegel.de\/information\/2010\/10\/wir-gratulieren\/","title":{"rendered":"Wir gratulieren"},"content":{"rendered":"<p>Auf 35- j\u00e4hrige T\u00e4tigkeit im Kindergarten St. Johannes Spahnharrenst\u00e4tte\u00a0 konnte in diesen Tagen Frau Agnes Wigbers zur\u00fcckblicken.<\/p>\n<p>Das Team gratuliert ganz herzlich und w\u00fcnscht weiterhin alles Gute.<\/p>\n<p>Text\/Foto: Das Team des Kindergartens<a href=\"https:\/\/www.forum-soegel.de\/information\/wp-content\/uploads\/2010\/09\/wir-gratulieren2.jpg\"><img loading=\"lazy\" decoding=\"async\" class=\"alignnone size-medium wp-image-3380\" title=\"wir gratulieren\" src=\"https:\/\/www.forum-soegel.de\/information\/wp-content\/uploads\/2010\/09\/wir-gratulieren2-300x225.jpg\" alt=\"\" width=\"300\" height=\"225\" srcset=\"https:\/\/www.forum-soegel.de\/information\/wp-content\/uploads\/2010\/09\/wir-gratulieren2-300x225.jpg 300w, https:\/\/www.forum-soegel.de\/information\/wp-content\/uploads\/2010\/09\/wir-gratulieren2.jpg 1024w\" sizes=\"auto, (max-width: 300px) 100vw, 300px\" \/><\/a><\/p>\n","protected":false},"excerpt":{"rendered":"Auf 35- j\u00e4hrige T\u00e4tigkeit im Kindergarten St. Johannes Spahnharrenst\u00e4tte\u00a0 konnte in diesen Tagen Frau Agnes Wigbers zur\u00fcckblicken. Das Team gratuliert ganz herzlich und w\u00fcnscht weiterhin alles Gute. Text\/Foto: Das Team des Kindergartens\n","protected":false},"author":2,"featured_media":0,"comment_status":"closed","ping_status":"closed","sticky":false,"template":"","format":"standard","meta":{"ngg_post_thumbnail":0,"footnotes":""},"categories":[3],"tags":[],"class_list":["post-3379","post","type-post","status-publish","format-standard","hentry","category-aktuelles-aus-der-region"],"_links":{"self":[{"href":"https:\/\/www.forum-soegel.de\/information\/wp-json\/wp\/v2\/posts\/3379","targetHints":{"allow":["GET"]}}],"collection":[{"href":"https:\/\/www.forum-soegel.de\/information\/wp-json\/wp\/v2\/posts"}],"about":[{"href":"https:\/\/www.forum-soegel.de\/information\/wp-json\/wp\/v2\/types\/post"}],"author":[{"embeddable":true,"href":"https:\/\/www.forum-soegel.de\/information\/wp-json\/wp\/v2\/users\/2"}],"replies":[{"embeddable":true,"href":"https:\/\/www.forum-soegel.de\/information\/wp-json\/wp\/v2\/comments?post=3379"}],"version-history":[{"count":2,"href":"https:\/\/www.forum-soegel.de\/information\/wp-json\/wp\/v2\/posts\/3379\/revisions"}],"predecessor-version":[{"id":3386,"href":"https:\/\/www.forum-soegel.de\/information\/wp-json\/wp\/v2\/posts\/3379\/revisions\/3386"}],"wp:attachment":[{"href":"https:\/\/www.forum-soegel.de\/information\/wp-json\/wp\/v2\/media?parent=3379"}],"wp:term":[{"taxonomy":"category","embeddable":true,"href":"https:\/\/www.forum-soegel.de\/information\/wp-json\/wp\/v2\/categories?post=3379"},{"taxonomy":"post_tag","embeddable":true,"href":"https:\/\/www.forum-soegel.de\/information\/wp-json\/wp\/v2\/tags?post=3379"}],"curies":[{"name":"wp","href":"https:\/\/api.w.org\/{rel}","templated":true}]}}