{"id":33788,"date":"2023-01-03T14:21:13","date_gmt":"2023-01-03T13:21:13","guid":{"rendered":"https:\/\/www.forum-soegel.de\/information\/?p=33788"},"modified":"2023-01-03T14:21:13","modified_gmt":"2023-01-03T13:21:13","slug":"neujahrskonzert-2023-2","status":"publish","type":"post","link":"https:\/\/www.forum-soegel.de\/information\/2023\/01\/neujahrskonzert-2023-2\/","title":{"rendered":"Neujahrskonzert 2023"},"content":{"rendered":"\n<p>Nachdem 2021 und 2022 das Neujahrskonzert leider coronabedingt ausfallen musste, hoffen wir sehr, dass am Samstag, den 7. Januar 2023 das Neujahrskonzert wie geplant und ohne Einschr\u00e4nkungen durchgef\u00fchrt werden kann. Wenn alles gut l\u00e4uft, werden wir nach zweij\u00e4hriger Abstinenz hoffentlich wieder im ausverkauftem Haus ein wundersch\u00f6nes Konzert erleben.<\/p>\n\n\n\n<p>Auch wenn Sie in der Vergangenheit immer unser Neujahrskonzert besucht haben, m\u00fcssen Sie uns telefonisch oder per Mail mitteilen, dass Sie f\u00fcr das Konzert 2023 Karten w\u00fcnschen, m\u00f6glichst mit Angabe Ihres Sitzplatzwunsches. Selbstverst\u00e4ndlich k\u00f6nnen Sie Eintrittskarten auch w\u00e4hrend unserer \u00d6ffnungszeiten (Mo. und Fr. von 10:30 Uhr bis 12:30 Uhr und Mi. von 16:00 Uhr bis 18:00 Uhr) direkt in der Gesch\u00e4ftsstelle erwerben. Wir werden ausnahmsweise auch in den Weihnachtsferien an drei Tagen (Mi., 28.12.2022, Mo., 02.01.2023 und Mi. 04.01.2023) zu den genannten \u00d6ffnungszeiten f\u00fcr Sie in der Gesch\u00e4ftsstelle da sein.<\/p>\n\n\n\n<p>Alle bestellten Karten, sollten m\u00f6glichst vor dem Konzert abgeholt und bezahlt (bitte in bar) werden. Bitte informieren Sie uns, falls Sie Ihre Karten nicht abholen k\u00f6nnen, auf Wunsch k\u00f6nnen wir die Karten auch auf Rechnung zuschicken.<\/p>\n\n\n\n<p>Auf unserer Website www.kulturkreis-clemenswerth.de finden Sie immer aktuelle Hinweise zu unseren Veranstaltungen, ggf. auch zu notwendigen \u00c4nderungen.<\/p>\n\n\n\n<p>Manfred Rojahn, Kulturkreis Clemenswerth<\/p>\n\n\n\n<figure class=\"wp-block-image size-large\"><img loading=\"lazy\" decoding=\"async\" width=\"1024\" height=\"456\" src=\"https:\/\/www.forum-soegel.de\/information\/wp-content\/uploads\/2023\/01\/Neujahrskonzert-2023-1024x456.jpg\" alt=\"\" class=\"wp-image-33789\" srcset=\"https:\/\/www.forum-soegel.de\/information\/wp-content\/uploads\/2023\/01\/Neujahrskonzert-2023-1024x456.jpg 1024w, https:\/\/www.forum-soegel.de\/information\/wp-content\/uploads\/2023\/01\/Neujahrskonzert-2023-300x134.jpg 300w, https:\/\/www.forum-soegel.de\/information\/wp-content\/uploads\/2023\/01\/Neujahrskonzert-2023-768x342.jpg 768w, https:\/\/www.forum-soegel.de\/information\/wp-content\/uploads\/2023\/01\/Neujahrskonzert-2023-1536x684.jpg 1536w, https:\/\/www.forum-soegel.de\/information\/wp-content\/uploads\/2023\/01\/Neujahrskonzert-2023-2048x912.jpg 2048w\" sizes=\"auto, (max-width: 1024px) 100vw, 1024px\" \/><\/figure>\n","protected":false},"excerpt":{"rendered":"Nachdem 2021 und 2022 das Neujahrskonzert leider coronabedingt ausfallen musste, hoffen wir sehr, dass am Samstag, den 7. Januar 2023 das Neujahrskonzert wie geplant und ohne Einschr\u00e4nkungen durchgef\u00fchrt werden kann. Wenn alles gut l\u00e4uft, werden wir nach zweij\u00e4hriger Abstinenz hoffentlich wieder im ausverkauftem Haus ein wundersch\u00f6nes Konzert erleben. Auch wenn Sie in der Vergangenheit immer [&hellip;]\n","protected":false},"author":2,"featured_media":0,"comment_status":"closed","ping_status":"closed","sticky":false,"template":"","format":"standard","meta":{"ngg_post_thumbnail":0,"footnotes":""},"categories":[11],"tags":[],"class_list":["post-33788","post","type-post","status-publish","format-standard","hentry","category-termine"],"_links":{"self":[{"href":"https:\/\/www.forum-soegel.de\/information\/wp-json\/wp\/v2\/posts\/33788","targetHints":{"allow":["GET"]}}],"collection":[{"href":"https:\/\/www.forum-soegel.de\/information\/wp-json\/wp\/v2\/posts"}],"about":[{"href":"https:\/\/www.forum-soegel.de\/information\/wp-json\/wp\/v2\/types\/post"}],"author":[{"embeddable":true,"href":"https:\/\/www.forum-soegel.de\/information\/wp-json\/wp\/v2\/users\/2"}],"replies":[{"embeddable":true,"href":"https:\/\/www.forum-soegel.de\/information\/wp-json\/wp\/v2\/comments?post=33788"}],"version-history":[{"count":1,"href":"https:\/\/www.forum-soegel.de\/information\/wp-json\/wp\/v2\/posts\/33788\/revisions"}],"predecessor-version":[{"id":33790,"href":"https:\/\/www.forum-soegel.de\/information\/wp-json\/wp\/v2\/posts\/33788\/revisions\/33790"}],"wp:attachment":[{"href":"https:\/\/www.forum-soegel.de\/information\/wp-json\/wp\/v2\/media?parent=33788"}],"wp:term":[{"taxonomy":"category","embeddable":true,"href":"https:\/\/www.forum-soegel.de\/information\/wp-json\/wp\/v2\/categories?post=33788"},{"taxonomy":"post_tag","embeddable":true,"href":"https:\/\/www.forum-soegel.de\/information\/wp-json\/wp\/v2\/tags?post=33788"}],"curies":[{"name":"wp","href":"https:\/\/api.w.org\/{rel}","templated":true}]}}