{"id":3377,"date":"2010-10-01T09:49:11","date_gmt":"2010-10-01T07:49:11","guid":{"rendered":"https:\/\/www.forum-soegel.de\/information\/?p=3377"},"modified":"2010-10-01T16:18:33","modified_gmt":"2010-10-01T14:18:33","slug":"vielseitig-und-individuell-das-neue-angebot-der-vhs-papenburg","status":"publish","type":"post","link":"https:\/\/www.forum-soegel.de\/information\/2010\/10\/vielseitig-und-individuell-das-neue-angebot-der-vhs-papenburg\/","title":{"rendered":"Vielseitig und Individuell &#8211; das neue Angebot der VHS Papenburg"},"content":{"rendered":"<p>Im September stellte der zust\u00e4ndige Fachbereichsleiter Hermann Schade, unterst\u00fctzt durch Ralf Schr\u00f6der, Zweigstellenleiter S\u00f6gel, das Programm der neuen Saison vor.<\/p>\n<p>Beeindruckend ist die Vielfalt und Individualit\u00e4t der angebotenen Kurse.<\/p>\n<p>Besonderen Wert legte Schade auf die Zweigstellenbezogenen Besonderheiten, die mit den jeweiligen Leitern abgestimmt werden<\/p>\n<p>So nutzt ein Kurs in D\u00f6rpen das neue Ambulanzzentrum, Dort k\u00f6nnen ab jetzt auch Gesundheitskurse belegt werden, wie Babymassage und R\u00fcckengymnastik<\/p>\n<p>Lathen bietet\u00a0 u.a. Country &amp; Western Line Dance<\/p>\n<p>Das S\u00f6geler Angebot wurde um die Gestaltung von Weihnachtsquilt erweitert<\/p>\n<p>Auch ein Kurs mit verschiedenen Entspannungsverfahren ist geplant.<\/p>\n<p>Die Anmeldung zu den Kursen erfolgt direkt bei den Ansprechpartnern der Zweigstellen. Weitere Informationen unter www.vhs-papenburg.de \u00bb im Internet.<\/p>\n<p>Text\/Foto: KS<\/p>\n<p><a href=\"https:\/\/www.forum-soegel.de\/information\/wp-content\/uploads\/2010\/10\/VHS-Programmvorstellung1.jpg\"><img loading=\"lazy\" decoding=\"async\" class=\"alignnone size-medium wp-image-3439\" title=\"VHS Programmvorstellung\" src=\"https:\/\/www.forum-soegel.de\/information\/wp-content\/uploads\/2010\/10\/VHS-Programmvorstellung1-300x225.jpg\" alt=\"\" width=\"300\" height=\"225\" srcset=\"https:\/\/www.forum-soegel.de\/information\/wp-content\/uploads\/2010\/10\/VHS-Programmvorstellung1-300x225.jpg 300w, https:\/\/www.forum-soegel.de\/information\/wp-content\/uploads\/2010\/10\/VHS-Programmvorstellung1.jpg 1024w\" sizes=\"auto, (max-width: 300px) 100vw, 300px\" \/><\/a><\/p>\n","protected":false},"excerpt":{"rendered":"Im September stellte der zust\u00e4ndige Fachbereichsleiter Hermann Schade, unterst\u00fctzt durch Ralf Schr\u00f6der, Zweigstellenleiter S\u00f6gel, das Programm der neuen Saison vor. Beeindruckend ist die Vielfalt und Individualit\u00e4t der angebotenen Kurse. Besonderen Wert legte Schade auf die Zweigstellenbezogenen Besonderheiten, die mit den jeweiligen Leitern abgestimmt werden So nutzt ein Kurs in D\u00f6rpen das neue Ambulanzzentrum, Dort k\u00f6nnen [&hellip;]\n","protected":false},"author":2,"featured_media":0,"comment_status":"closed","ping_status":"closed","sticky":false,"template":"","format":"standard","meta":{"ngg_post_thumbnail":0,"footnotes":""},"categories":[3],"tags":[],"class_list":["post-3377","post","type-post","status-publish","format-standard","hentry","category-aktuelles-aus-der-region"],"_links":{"self":[{"href":"https:\/\/www.forum-soegel.de\/information\/wp-json\/wp\/v2\/posts\/3377","targetHints":{"allow":["GET"]}}],"collection":[{"href":"https:\/\/www.forum-soegel.de\/information\/wp-json\/wp\/v2\/posts"}],"about":[{"href":"https:\/\/www.forum-soegel.de\/information\/wp-json\/wp\/v2\/types\/post"}],"author":[{"embeddable":true,"href":"https:\/\/www.forum-soegel.de\/information\/wp-json\/wp\/v2\/users\/2"}],"replies":[{"embeddable":true,"href":"https:\/\/www.forum-soegel.de\/information\/wp-json\/wp\/v2\/comments?post=3377"}],"version-history":[{"count":3,"href":"https:\/\/www.forum-soegel.de\/information\/wp-json\/wp\/v2\/posts\/3377\/revisions"}],"predecessor-version":[{"id":3440,"href":"https:\/\/www.forum-soegel.de\/information\/wp-json\/wp\/v2\/posts\/3377\/revisions\/3440"}],"wp:attachment":[{"href":"https:\/\/www.forum-soegel.de\/information\/wp-json\/wp\/v2\/media?parent=3377"}],"wp:term":[{"taxonomy":"category","embeddable":true,"href":"https:\/\/www.forum-soegel.de\/information\/wp-json\/wp\/v2\/categories?post=3377"},{"taxonomy":"post_tag","embeddable":true,"href":"https:\/\/www.forum-soegel.de\/information\/wp-json\/wp\/v2\/tags?post=3377"}],"curies":[{"name":"wp","href":"https:\/\/api.w.org\/{rel}","templated":true}]}}