{"id":33754,"date":"2023-01-03T14:03:13","date_gmt":"2023-01-03T13:03:13","guid":{"rendered":"https:\/\/www.forum-soegel.de\/information\/?p=33754"},"modified":"2023-01-03T14:03:13","modified_gmt":"2023-01-03T13:03:13","slug":"wir-sind-ein-team","status":"publish","type":"post","link":"https:\/\/www.forum-soegel.de\/information\/2023\/01\/wir-sind-ein-team\/","title":{"rendered":"Wir sind ein \u2026. TEAM!"},"content":{"rendered":"<div class=\"wp-block-image\">\n<figure class=\"alignleft size-large is-resized\"><a href=\"https:\/\/www.forum-soegel.de\/information\/wp-content\/uploads\/2023\/01\/Wir-sind-ein-TEAM-1-scaled.jpg\"><img loading=\"lazy\" decoding=\"async\" src=\"https:\/\/www.forum-soegel.de\/information\/wp-content\/uploads\/2023\/01\/Wir-sind-ein-TEAM-1-1024x768.jpg\" alt=\"\" class=\"wp-image-33755\" width=\"267\" height=\"199\" srcset=\"https:\/\/www.forum-soegel.de\/information\/wp-content\/uploads\/2023\/01\/Wir-sind-ein-TEAM-1-1024x768.jpg 1024w, https:\/\/www.forum-soegel.de\/information\/wp-content\/uploads\/2023\/01\/Wir-sind-ein-TEAM-1-300x225.jpg 300w, https:\/\/www.forum-soegel.de\/information\/wp-content\/uploads\/2023\/01\/Wir-sind-ein-TEAM-1-768x576.jpg 768w, https:\/\/www.forum-soegel.de\/information\/wp-content\/uploads\/2023\/01\/Wir-sind-ein-TEAM-1-1536x1152.jpg 1536w, https:\/\/www.forum-soegel.de\/information\/wp-content\/uploads\/2023\/01\/Wir-sind-ein-TEAM-1-2048x1536.jpg 2048w\" sizes=\"auto, (max-width: 267px) 100vw, 267px\" \/><\/a><\/figure>\n<\/div>\n\n\n<p>Klein Ber\u00dfen &#8211; Unter diesem Motto fand ein gelungener Handballprojekttag f\u00fcr die Klassen 2 bis 4 der Grundschule S\u00fcd-H\u00fcmmling statt. M\u00f6glich gemacht wurde er durch den Aktionstag \u201eStartklar in die Zukunft\u201c und dem HVN (Handballverband Niedersachsen) sowie dem SV Sigiltra S\u00f6gel. Als Leiter dieses Tages konnten wir Rainer Voigt gewinnen, der mit seiner Leidenschaft f\u00fcr den Handballsport die Sch\u00fclerInnen der drei Jahrg\u00e4nge ansteckte. Zur Unterst\u00fctzung brachte er die Jugendlichen Nika Kleine, Merle Soppa, Tom Resing und Julius Hoormann mit, die f\u00fcr den SV Sigiltra S\u00f6gel selbst aktiv Handball spielen und somit den Sch\u00fclerInnen Aktionen zeigten und bei den abwechslungsreichen \u00dcbungen unterst\u00fctzten. Die Sch\u00fclerInnen lernten spielerisch die richtige Wurfhaltung, das Prellen, den Abwurf im Stand und mit Anlauf und spielten nachher sogar schon kleine Spiele mit ersten Regeln. Mehrmals am Vormittag h\u00f6rte man nach erfolgreichen \u00dcbungen und Spielen den Ausruf \u201eWir sind ein TEAM!\u201c Alle Kinder hatten sehr viel Spa\u00df und wurden sportlich gut gefordert. Nach der langen Coronazeit war dies nun wieder ein tolles Gemeinschaftsprojekt und bringt die Kinder vielleicht auch zu einer Aktivit\u00e4t im Verein, wof\u00fcr alle Sch\u00fclerInnnen Gutscheine vom SV Sigiltra S\u00f6gel erhalten haben. Die Lehrkr\u00e4fte Dimitri Gappel und Eva-Maria Hoormann waren vom sportlichen Einsatz der Kinder begeistert. Zum Abschluss bedankte sich der Schulleiter Matthias Wraga bei Rainer Voigt und den Jugendlichen mit Pr\u00e4senten.<\/p>\n\n\n\n<p>Text: Eva-Maria Hoormann<\/p>\n\n\n\n<p>Fotos: Dimitri Gappel<\/p>\n\n\n\n<figure class=\"wp-block-image size-large\"><a href=\"https:\/\/www.forum-soegel.de\/information\/wp-content\/uploads\/2023\/01\/Wir-sind-ein-TEAM-2-scaled.jpg\"><img loading=\"lazy\" decoding=\"async\" width=\"1024\" height=\"768\" src=\"https:\/\/www.forum-soegel.de\/information\/wp-content\/uploads\/2023\/01\/Wir-sind-ein-TEAM-2-1024x768.jpg\" alt=\"\" class=\"wp-image-33756\" srcset=\"https:\/\/www.forum-soegel.de\/information\/wp-content\/uploads\/2023\/01\/Wir-sind-ein-TEAM-2-1024x768.jpg 1024w, https:\/\/www.forum-soegel.de\/information\/wp-content\/uploads\/2023\/01\/Wir-sind-ein-TEAM-2-300x225.jpg 300w, https:\/\/www.forum-soegel.de\/information\/wp-content\/uploads\/2023\/01\/Wir-sind-ein-TEAM-2-768x576.jpg 768w, https:\/\/www.forum-soegel.de\/information\/wp-content\/uploads\/2023\/01\/Wir-sind-ein-TEAM-2-1536x1152.jpg 1536w, https:\/\/www.forum-soegel.de\/information\/wp-content\/uploads\/2023\/01\/Wir-sind-ein-TEAM-2-2048x1536.jpg 2048w\" sizes=\"auto, (max-width: 1024px) 100vw, 1024px\" \/><\/a><figcaption class=\"wp-element-caption\">Sch\u00fclerInnen des Jhg. 4 mit Eva-Maria Hoormann, Matthias Wraga und Rainer Voigt<\/figcaption><\/figure>\n","protected":false},"excerpt":{"rendered":"Klein Ber\u00dfen &#8211; Unter diesem Motto fand ein gelungener Handballprojekttag f\u00fcr die Klassen 2 bis 4 der Grundschule S\u00fcd-H\u00fcmmling statt. M\u00f6glich gemacht wurde er durch den Aktionstag \u201eStartklar in die Zukunft\u201c und dem HVN (Handballverband Niedersachsen) sowie dem SV Sigiltra S\u00f6gel. Als Leiter dieses Tages konnten wir Rainer Voigt gewinnen, der mit seiner Leidenschaft f\u00fcr [&hellip;]\n","protected":false},"author":2,"featured_media":0,"comment_status":"closed","ping_status":"closed","sticky":false,"template":"","format":"standard","meta":{"ngg_post_thumbnail":0,"footnotes":""},"categories":[6],"tags":[],"class_list":["post-33754","post","type-post","status-publish","format-standard","hentry","category-aus-der-schule-geplaudert"],"_links":{"self":[{"href":"https:\/\/www.forum-soegel.de\/information\/wp-json\/wp\/v2\/posts\/33754","targetHints":{"allow":["GET"]}}],"collection":[{"href":"https:\/\/www.forum-soegel.de\/information\/wp-json\/wp\/v2\/posts"}],"about":[{"href":"https:\/\/www.forum-soegel.de\/information\/wp-json\/wp\/v2\/types\/post"}],"author":[{"embeddable":true,"href":"https:\/\/www.forum-soegel.de\/information\/wp-json\/wp\/v2\/users\/2"}],"replies":[{"embeddable":true,"href":"https:\/\/www.forum-soegel.de\/information\/wp-json\/wp\/v2\/comments?post=33754"}],"version-history":[{"count":1,"href":"https:\/\/www.forum-soegel.de\/information\/wp-json\/wp\/v2\/posts\/33754\/revisions"}],"predecessor-version":[{"id":33757,"href":"https:\/\/www.forum-soegel.de\/information\/wp-json\/wp\/v2\/posts\/33754\/revisions\/33757"}],"wp:attachment":[{"href":"https:\/\/www.forum-soegel.de\/information\/wp-json\/wp\/v2\/media?parent=33754"}],"wp:term":[{"taxonomy":"category","embeddable":true,"href":"https:\/\/www.forum-soegel.de\/information\/wp-json\/wp\/v2\/categories?post=33754"},{"taxonomy":"post_tag","embeddable":true,"href":"https:\/\/www.forum-soegel.de\/information\/wp-json\/wp\/v2\/tags?post=33754"}],"curies":[{"name":"wp","href":"https:\/\/api.w.org\/{rel}","templated":true}]}}