{"id":3375,"date":"2010-10-01T09:44:36","date_gmt":"2010-10-01T07:44:36","guid":{"rendered":"https:\/\/www.forum-soegel.de\/information\/?p=3375"},"modified":"2010-10-01T09:31:52","modified_gmt":"2010-10-01T07:31:52","slug":"offenes-pilgern-auf-dem-hummlinger-pilgerweg","status":"publish","type":"post","link":"https:\/\/www.forum-soegel.de\/information\/2010\/10\/offenes-pilgern-auf-dem-hummlinger-pilgerweg\/","title":{"rendered":"Offenes Pilgern auf dem H\u00fcmmlinger Pilgerweg"},"content":{"rendered":"<p>Viele Anfragen beim Dekanatstag<\/p>\n<p>\u00a0\u201eKann man sich auch einer Pilgergruppe anschlie\u00dfen?\u201c, war eine h\u00e4ufig gestellte Frage der G\u00e4ste am Stand des H\u00fcmmlinger Pilgerweges beim Dekanatstag in Papenburg. Viele Interessierte bevorzugen das Pilgern in einer gef\u00fchrten Gruppe, so das Res\u00fcmee des Dekanatstages f\u00fcr den H\u00fcmmlinger Pilgerweg.<\/p>\n<p>Aus diesem Grund bietet der Arbeitskreis H\u00fcmmlinger Pilgerweg am 2. Oktober eine offene morgendliche Wanderung auf dem H\u00fcmmlinger Pilgerweg an. Zum Einsatz kommen dabei zwei von der Katholischen Erwachsenenbildung ausgebildeten Pilgerbegleiter. Johann Janzen und Hans H\u00f6mmen werden die Pilgergruppe begleiten und dabei nicht nur auf die Sehensw\u00fcrdigkeiten entlang des Pilgerweges aufmerksam machen, sondern auch geistige Impulse geben k\u00f6nnen.<\/p>\n<p>Gestartet wird um 9 Uhr in Spahnharrenst\u00e4tte beim Dorfladen in der Ortsmitte. Gegen 13.30 Uhr wird die Pilgergruppe in Werlte eintreffen. Von dort besteht die M\u00f6glichkeit zu einem R\u00fccktransfer nach Spahnharrenst\u00e4tte. Unterwegs werden ausreichend Pausen eingelegt.<\/p>\n<p>F\u00fcr die Verpflegung ist jeder Pilger selbst zust\u00e4ndig. Um Voranmeldung bei der Tourist-Info in Werlte, Jens Niermann, unter der Telefonnummer: 05951-988147 wird gebeten. Es wird ein Teilnehmerbeitrag in H\u00f6he von 5 Euro erhoben (Kinder\/kostenlos), in dem der R\u00fccktransfer inbegriffen ist. Es empfiehlt sich die Mitnahme eines\u00a0 Wanderrucksackes mit Sitz. Dieser kann u.a. bei allen Tourist-Infos des H\u00fcmmlings erworben werden oder bei der Anmeldung mitbestellt werden.<\/p>\n<p>Text: IC<\/p>\n","protected":false},"excerpt":{"rendered":"Viele Anfragen beim Dekanatstag \u00a0\u201eKann man sich auch einer Pilgergruppe anschlie\u00dfen?\u201c, war eine h\u00e4ufig gestellte Frage der G\u00e4ste am Stand des H\u00fcmmlinger Pilgerweges beim Dekanatstag in Papenburg. Viele Interessierte bevorzugen das Pilgern in einer gef\u00fchrten Gruppe, so das Res\u00fcmee des Dekanatstages f\u00fcr den H\u00fcmmlinger Pilgerweg. Aus diesem Grund bietet der Arbeitskreis H\u00fcmmlinger Pilgerweg am 2. [&hellip;]\n","protected":false},"author":2,"featured_media":0,"comment_status":"closed","ping_status":"closed","sticky":false,"template":"","format":"standard","meta":{"ngg_post_thumbnail":0,"footnotes":""},"categories":[3],"tags":[],"class_list":["post-3375","post","type-post","status-publish","format-standard","hentry","category-aktuelles-aus-der-region"],"_links":{"self":[{"href":"https:\/\/www.forum-soegel.de\/information\/wp-json\/wp\/v2\/posts\/3375","targetHints":{"allow":["GET"]}}],"collection":[{"href":"https:\/\/www.forum-soegel.de\/information\/wp-json\/wp\/v2\/posts"}],"about":[{"href":"https:\/\/www.forum-soegel.de\/information\/wp-json\/wp\/v2\/types\/post"}],"author":[{"embeddable":true,"href":"https:\/\/www.forum-soegel.de\/information\/wp-json\/wp\/v2\/users\/2"}],"replies":[{"embeddable":true,"href":"https:\/\/www.forum-soegel.de\/information\/wp-json\/wp\/v2\/comments?post=3375"}],"version-history":[{"count":2,"href":"https:\/\/www.forum-soegel.de\/information\/wp-json\/wp\/v2\/posts\/3375\/revisions"}],"predecessor-version":[{"id":3388,"href":"https:\/\/www.forum-soegel.de\/information\/wp-json\/wp\/v2\/posts\/3375\/revisions\/3388"}],"wp:attachment":[{"href":"https:\/\/www.forum-soegel.de\/information\/wp-json\/wp\/v2\/media?parent=3375"}],"wp:term":[{"taxonomy":"category","embeddable":true,"href":"https:\/\/www.forum-soegel.de\/information\/wp-json\/wp\/v2\/categories?post=3375"},{"taxonomy":"post_tag","embeddable":true,"href":"https:\/\/www.forum-soegel.de\/information\/wp-json\/wp\/v2\/tags?post=3375"}],"curies":[{"name":"wp","href":"https:\/\/api.w.org\/{rel}","templated":true}]}}