{"id":3373,"date":"2010-10-01T09:42:35","date_gmt":"2010-10-01T07:42:35","guid":{"rendered":"https:\/\/www.forum-soegel.de\/information\/?p=3373"},"modified":"2010-10-01T15:49:25","modified_gmt":"2010-10-01T13:49:25","slug":"%e2%80%9emusikland-niedersachsen-wir-machen-musik%e2%80%9c","status":"publish","type":"post","link":"https:\/\/www.forum-soegel.de\/information\/2010\/10\/%e2%80%9emusikland-niedersachsen-wir-machen-musik%e2%80%9c\/","title":{"rendered":"\u201eMusikland Niedersachsen &#8211; Wir machen Musik\u201c"},"content":{"rendered":"<p>Seit einem Jahr beteiligt sich die Gemeinde S\u00f6gel an dem vom Nieders\u00e4chsischen Ministerium f\u00fcr Wissenschaft und Kultur unterst\u00fctzten Projekt \u201eMusikland Niedersachsen \u2013 Wir machen die Musik\u201c. In Zusammenarbeit mit der Musikschule des Emslandes e. V. wurde dieses Projekt im Familienzentrum \u201eSt. Jakobus\u201c und im Kindergarten \u201eArche Noah\u201c durchgef\u00fchrt.Um das gemeinsame Singen, Spielen, Tanzen und musizieren von Kindern im Elementarbereich durch musikalische Unterst\u00fctzung zu f\u00f6rdern, bot Frau Cramer als ausgebildete Diplommusikp\u00e4dagogin von der Musikschule des Emslandes e. V. einmal w\u00f6chentlich musikalische Einheiten f\u00fcr die drei- bis vierj\u00e4hrigen Kinder an. Ebenfalls f\u00fchrte Sie f\u00fcr die Krippe im Kindergarten \u201eArche Noah\u201c kleine musikalische Darbietungen durch.Das Projekt war f\u00fcr alle Beteiligten ein sehr gro\u00dfer Erfolg, so dass die Landesregierung das Programm fortsetzen wird. Hierzu stellt das Land ein erh\u00f6htes Stundenkontingent zur Verf\u00fcgung, so dass der Ansatz verfolgt wird, allen Kindern einer Kita musikalische Fr\u00fcherziehung anzubieten.Das Land Niedersachsen tr\u00e4gt in diesem Projekt 50 % der Personalkosten; die Kitas selbst m\u00fcssen f\u00fcr eine Stunde\/Woche nur 400 Euro der Personalkosten tragen. Anfragen bzgl. des Projektes beantwortet Ihnen gerne die Musikschule des Emslandes e. V., Tel.: 05931\/9806-0.<\/p>\n<p>\u00a0Text\/Foto: Mario Schnieders<\/p>\n<p><a href=\"https:\/\/www.forum-soegel.de\/information\/wp-content\/uploads\/2010\/10\/Musikland-Kindergarten_Soegel_Cramer.jpg\"><img loading=\"lazy\" decoding=\"async\" class=\"alignnone size-medium wp-image-3429\" title=\"Musikland Kindergarten_Soegel_Cramer\" src=\"https:\/\/www.forum-soegel.de\/information\/wp-content\/uploads\/2010\/10\/Musikland-Kindergarten_Soegel_Cramer-300x189.jpg\" alt=\"\" width=\"300\" height=\"189\" srcset=\"https:\/\/www.forum-soegel.de\/information\/wp-content\/uploads\/2010\/10\/Musikland-Kindergarten_Soegel_Cramer-300x189.jpg 300w, https:\/\/www.forum-soegel.de\/information\/wp-content\/uploads\/2010\/10\/Musikland-Kindergarten_Soegel_Cramer.jpg 1024w\" sizes=\"auto, (max-width: 300px) 100vw, 300px\" \/><\/a><\/p>\n","protected":false},"excerpt":{"rendered":"Seit einem Jahr beteiligt sich die Gemeinde S\u00f6gel an dem vom Nieders\u00e4chsischen Ministerium f\u00fcr Wissenschaft und Kultur unterst\u00fctzten Projekt \u201eMusikland Niedersachsen \u2013 Wir machen die Musik\u201c. In Zusammenarbeit mit der Musikschule des Emslandes e. V. wurde dieses Projekt im Familienzentrum \u201eSt. Jakobus\u201c und im Kindergarten \u201eArche Noah\u201c durchgef\u00fchrt.Um das gemeinsame Singen, Spielen, Tanzen und musizieren [&hellip;]\n","protected":false},"author":2,"featured_media":0,"comment_status":"closed","ping_status":"closed","sticky":false,"template":"","format":"standard","meta":{"ngg_post_thumbnail":0,"footnotes":""},"categories":[3],"tags":[],"class_list":["post-3373","post","type-post","status-publish","format-standard","hentry","category-aktuelles-aus-der-region"],"_links":{"self":[{"href":"https:\/\/www.forum-soegel.de\/information\/wp-json\/wp\/v2\/posts\/3373","targetHints":{"allow":["GET"]}}],"collection":[{"href":"https:\/\/www.forum-soegel.de\/information\/wp-json\/wp\/v2\/posts"}],"about":[{"href":"https:\/\/www.forum-soegel.de\/information\/wp-json\/wp\/v2\/types\/post"}],"author":[{"embeddable":true,"href":"https:\/\/www.forum-soegel.de\/information\/wp-json\/wp\/v2\/users\/2"}],"replies":[{"embeddable":true,"href":"https:\/\/www.forum-soegel.de\/information\/wp-json\/wp\/v2\/comments?post=3373"}],"version-history":[{"count":3,"href":"https:\/\/www.forum-soegel.de\/information\/wp-json\/wp\/v2\/posts\/3373\/revisions"}],"predecessor-version":[{"id":3430,"href":"https:\/\/www.forum-soegel.de\/information\/wp-json\/wp\/v2\/posts\/3373\/revisions\/3430"}],"wp:attachment":[{"href":"https:\/\/www.forum-soegel.de\/information\/wp-json\/wp\/v2\/media?parent=3373"}],"wp:term":[{"taxonomy":"category","embeddable":true,"href":"https:\/\/www.forum-soegel.de\/information\/wp-json\/wp\/v2\/categories?post=3373"},{"taxonomy":"post_tag","embeddable":true,"href":"https:\/\/www.forum-soegel.de\/information\/wp-json\/wp\/v2\/tags?post=3373"}],"curies":[{"name":"wp","href":"https:\/\/api.w.org\/{rel}","templated":true}]}}