{"id":3367,"date":"2010-10-01T09:40:21","date_gmt":"2010-10-01T07:40:21","guid":{"rendered":"https:\/\/www.forum-soegel.de\/information\/?p=3367"},"modified":"2010-10-01T16:13:08","modified_gmt":"2010-10-01T14:13:08","slug":"kindergarten-st-johannes-spahnharrenstatte-in-ausweichraumen-untergebracht","status":"publish","type":"post","link":"https:\/\/www.forum-soegel.de\/information\/2010\/10\/kindergarten-st-johannes-spahnharrenstatte-in-ausweichraumen-untergebracht\/","title":{"rendered":"Kindergarten St. Johannes Spahnharrenst\u00e4tte in Ausweichr\u00e4umen untergebracht"},"content":{"rendered":"<p>Der Kindergarten St. Johannes Spahnharrenst\u00e4tte ist w\u00e4hrend der Umbauphase in die R\u00e4umlichkeiten der ehemaligen Gemeindeverwaltung umgezogen.<\/p>\n<p>Der Umzug wurde von vielen freiwilligen Helfern unterst\u00fctzt. F\u00fcr die hervorragende Hilfe bedankt sich das Team bei allen Beteiligten.<\/p>\n<p>\u201eDie Kinder haben sich inzwischen gut eingelebt und f\u00fchlen sich wohl\u201c, berichtet die Leiterin Agnes Wigbers.<\/p>\n<p><em>Text\/Foto: Das Team des Kindergartens<\/em><\/p>\n<div id=\"attachment_3436\" style=\"width: 310px\" class=\"wp-caption alignnone\"><a href=\"https:\/\/www.forum-soegel.de\/information\/wp-content\/uploads\/2010\/10\/Kindergarten-Spahn-III.jpg\"><img loading=\"lazy\" decoding=\"async\" aria-describedby=\"caption-attachment-3436\" class=\"size-medium wp-image-3436\" title=\"Kindergarten Spahn III\" src=\"https:\/\/www.forum-soegel.de\/information\/wp-content\/uploads\/2010\/10\/Kindergarten-Spahn-III-300x225.jpg\" alt=\"\" width=\"300\" height=\"225\" srcset=\"https:\/\/www.forum-soegel.de\/information\/wp-content\/uploads\/2010\/10\/Kindergarten-Spahn-III-300x225.jpg 300w, https:\/\/www.forum-soegel.de\/information\/wp-content\/uploads\/2010\/10\/Kindergarten-Spahn-III.jpg 463w\" sizes=\"auto, (max-width: 300px) 100vw, 300px\" \/><\/a><p id=\"caption-attachment-3436\" class=\"wp-caption-text\">Kinder des Kindergartens und die Jahrespraktikantinnen Anita Kleimann und Esther Kl\u00fcck von der BBS Papenburg.<\/p><\/div>\n","protected":false},"excerpt":{"rendered":"Der Kindergarten St. Johannes Spahnharrenst\u00e4tte ist w\u00e4hrend der Umbauphase in die R\u00e4umlichkeiten der ehemaligen Gemeindeverwaltung umgezogen. Der Umzug wurde von vielen freiwilligen Helfern unterst\u00fctzt. F\u00fcr die hervorragende Hilfe bedankt sich das Team bei allen Beteiligten. \u201eDie Kinder haben sich inzwischen gut eingelebt und f\u00fchlen sich wohl\u201c, berichtet die Leiterin Agnes Wigbers. Text\/Foto: Das Team des [&hellip;]\n","protected":false},"author":2,"featured_media":0,"comment_status":"closed","ping_status":"closed","sticky":false,"template":"","format":"standard","meta":{"ngg_post_thumbnail":0,"footnotes":""},"categories":[3],"tags":[],"class_list":["post-3367","post","type-post","status-publish","format-standard","hentry","category-aktuelles-aus-der-region"],"_links":{"self":[{"href":"https:\/\/www.forum-soegel.de\/information\/wp-json\/wp\/v2\/posts\/3367","targetHints":{"allow":["GET"]}}],"collection":[{"href":"https:\/\/www.forum-soegel.de\/information\/wp-json\/wp\/v2\/posts"}],"about":[{"href":"https:\/\/www.forum-soegel.de\/information\/wp-json\/wp\/v2\/types\/post"}],"author":[{"embeddable":true,"href":"https:\/\/www.forum-soegel.de\/information\/wp-json\/wp\/v2\/users\/2"}],"replies":[{"embeddable":true,"href":"https:\/\/www.forum-soegel.de\/information\/wp-json\/wp\/v2\/comments?post=3367"}],"version-history":[{"count":5,"href":"https:\/\/www.forum-soegel.de\/information\/wp-json\/wp\/v2\/posts\/3367\/revisions"}],"predecessor-version":[{"id":3432,"href":"https:\/\/www.forum-soegel.de\/information\/wp-json\/wp\/v2\/posts\/3367\/revisions\/3432"}],"wp:attachment":[{"href":"https:\/\/www.forum-soegel.de\/information\/wp-json\/wp\/v2\/media?parent=3367"}],"wp:term":[{"taxonomy":"category","embeddable":true,"href":"https:\/\/www.forum-soegel.de\/information\/wp-json\/wp\/v2\/categories?post=3367"},{"taxonomy":"post_tag","embeddable":true,"href":"https:\/\/www.forum-soegel.de\/information\/wp-json\/wp\/v2\/tags?post=3367"}],"curies":[{"name":"wp","href":"https:\/\/api.w.org\/{rel}","templated":true}]}}