{"id":3364,"date":"2010-10-01T15:28:32","date_gmt":"2010-10-01T13:28:32","guid":{"rendered":"https:\/\/www.forum-soegel.de\/information\/?p=3364"},"modified":"2010-10-01T15:29:24","modified_gmt":"2010-10-01T13:29:24","slug":"abschiedsbesuch-im-rathaus","status":"publish","type":"post","link":"https:\/\/www.forum-soegel.de\/information\/2010\/10\/abschiedsbesuch-im-rathaus\/","title":{"rendered":"Abschiedsbesuch im Rathaus"},"content":{"rendered":"<p>Zu einem kleinen Abschiedsbesuch hat die Gemeinde S\u00f6gel Pater Edmund aus Kamerun, den kleinen Patienten \u201eDan\u201c, der im H\u00fcmmling Krankenhaus S\u00f6gel an einer Fu\u00dfverletzung behandelt wurde, und seine Begleiterin Celine (Leiterin des Weisenhauses, in dem Dan lebt) eingeladen.<\/p>\n<p>B\u00fcrgermeister Heiner Wellenbrock bezog sich in seiner Ansprache unter Anspielung eines von Udo J\u00fcrgens auf dem Ludmillenhof gesungenen Songs, mehr Dankbarkeit und Solidarit\u00e4t zu zeigen, darauf, dass gerade die Anwesenden diese Botschaft durch ihr Beispiel l\u00e4ngst gelebt haben. \u201eMami Celine\u201c und Pater Edmund bedankten sich in bewegenden Worten bei allen f\u00fcr die Hilfe, die sie in S\u00f6gel erhalten haben.<\/p>\n<p>Text\/Foto: J\u00fcrgen Rolfes<\/p>\n<p>\u00a0<a href=\"https:\/\/www.forum-soegel.de\/information\/wp-content\/uploads\/2010\/09\/Kamerun-Celine-Dan-Eingang.jpg\"><img loading=\"lazy\" decoding=\"async\" class=\"alignnone size-medium wp-image-3365\" title=\"Kamerun Celine-Dan-Eingang\" src=\"https:\/\/www.forum-soegel.de\/information\/wp-content\/uploads\/2010\/09\/Kamerun-Celine-Dan-Eingang-300x225.jpg\" alt=\"\" width=\"180\" height=\"135\" srcset=\"https:\/\/www.forum-soegel.de\/information\/wp-content\/uploads\/2010\/09\/Kamerun-Celine-Dan-Eingang-300x225.jpg 300w, https:\/\/www.forum-soegel.de\/information\/wp-content\/uploads\/2010\/09\/Kamerun-Celine-Dan-Eingang.jpg 1024w\" sizes=\"auto, (max-width: 180px) 100vw, 180px\" \/><\/a>\u00a0 <a href=\"https:\/\/www.forum-soegel.de\/information\/wp-content\/uploads\/2010\/09\/Kamerun-Gruppenfoto.jpg\"><img loading=\"lazy\" decoding=\"async\" class=\"alignnone size-medium wp-image-3366\" title=\"Kamerun Gruppenfoto\" src=\"https:\/\/www.forum-soegel.de\/information\/wp-content\/uploads\/2010\/09\/Kamerun-Gruppenfoto-300x225.jpg\" alt=\"\" width=\"180\" height=\"135\" srcset=\"https:\/\/www.forum-soegel.de\/information\/wp-content\/uploads\/2010\/09\/Kamerun-Gruppenfoto-300x225.jpg 300w, https:\/\/www.forum-soegel.de\/information\/wp-content\/uploads\/2010\/09\/Kamerun-Gruppenfoto.jpg 1024w\" sizes=\"auto, (max-width: 180px) 100vw, 180px\" \/><\/a><\/p>\n","protected":false},"excerpt":{"rendered":"Zu einem kleinen Abschiedsbesuch hat die Gemeinde S\u00f6gel Pater Edmund aus Kamerun, den kleinen Patienten \u201eDan\u201c, der im H\u00fcmmling Krankenhaus S\u00f6gel an einer Fu\u00dfverletzung behandelt wurde, und seine Begleiterin Celine (Leiterin des Weisenhauses, in dem Dan lebt) eingeladen. B\u00fcrgermeister Heiner Wellenbrock bezog sich in seiner Ansprache unter Anspielung eines von Udo J\u00fcrgens auf dem Ludmillenhof [&hellip;]\n","protected":false},"author":2,"featured_media":0,"comment_status":"closed","ping_status":"closed","sticky":false,"template":"","format":"standard","meta":{"ngg_post_thumbnail":0,"footnotes":""},"categories":[3],"tags":[],"class_list":["post-3364","post","type-post","status-publish","format-standard","hentry","category-aktuelles-aus-der-region"],"_links":{"self":[{"href":"https:\/\/www.forum-soegel.de\/information\/wp-json\/wp\/v2\/posts\/3364","targetHints":{"allow":["GET"]}}],"collection":[{"href":"https:\/\/www.forum-soegel.de\/information\/wp-json\/wp\/v2\/posts"}],"about":[{"href":"https:\/\/www.forum-soegel.de\/information\/wp-json\/wp\/v2\/types\/post"}],"author":[{"embeddable":true,"href":"https:\/\/www.forum-soegel.de\/information\/wp-json\/wp\/v2\/users\/2"}],"replies":[{"embeddable":true,"href":"https:\/\/www.forum-soegel.de\/information\/wp-json\/wp\/v2\/comments?post=3364"}],"version-history":[{"count":4,"href":"https:\/\/www.forum-soegel.de\/information\/wp-json\/wp\/v2\/posts\/3364\/revisions"}],"predecessor-version":[{"id":3404,"href":"https:\/\/www.forum-soegel.de\/information\/wp-json\/wp\/v2\/posts\/3364\/revisions\/3404"}],"wp:attachment":[{"href":"https:\/\/www.forum-soegel.de\/information\/wp-json\/wp\/v2\/media?parent=3364"}],"wp:term":[{"taxonomy":"category","embeddable":true,"href":"https:\/\/www.forum-soegel.de\/information\/wp-json\/wp\/v2\/categories?post=3364"},{"taxonomy":"post_tag","embeddable":true,"href":"https:\/\/www.forum-soegel.de\/information\/wp-json\/wp\/v2\/tags?post=3364"}],"curies":[{"name":"wp","href":"https:\/\/api.w.org\/{rel}","templated":true}]}}