{"id":33632,"date":"2023-01-03T11:27:47","date_gmt":"2023-01-03T10:27:47","guid":{"rendered":"https:\/\/www.forum-soegel.de\/information\/?p=33632"},"modified":"2023-01-03T11:28:04","modified_gmt":"2023-01-03T10:28:04","slug":"taeglich-frisch-auf-den-tisch","status":"publish","type":"post","link":"https:\/\/www.forum-soegel.de\/information\/2023\/01\/taeglich-frisch-auf-den-tisch\/","title":{"rendered":"T\u00e4glich frisch auf den Tisch"},"content":{"rendered":"<div class=\"wp-block-image\">\n<figure class=\"alignleft size-large is-resized\"><a href=\"https:\/\/www.forum-soegel.de\/information\/wp-content\/uploads\/2023\/01\/TN\u2560aglich-frisch-auf-den-Tisch-scaled.jpg\"><img loading=\"lazy\" decoding=\"async\" src=\"https:\/\/www.forum-soegel.de\/information\/wp-content\/uploads\/2023\/01\/TN\u2560aglich-frisch-auf-den-Tisch-1024x849.jpg\" alt=\"\" class=\"wp-image-33633\" width=\"318\" height=\"263\" srcset=\"https:\/\/www.forum-soegel.de\/information\/wp-content\/uploads\/2023\/01\/TN\u2560aglich-frisch-auf-den-Tisch-1024x849.jpg 1024w, https:\/\/www.forum-soegel.de\/information\/wp-content\/uploads\/2023\/01\/TN\u2560aglich-frisch-auf-den-Tisch-300x249.jpg 300w, https:\/\/www.forum-soegel.de\/information\/wp-content\/uploads\/2023\/01\/TN\u2560aglich-frisch-auf-den-Tisch-768x637.jpg 768w, https:\/\/www.forum-soegel.de\/information\/wp-content\/uploads\/2023\/01\/TN\u2560aglich-frisch-auf-den-Tisch-1536x1273.jpg 1536w, https:\/\/www.forum-soegel.de\/information\/wp-content\/uploads\/2023\/01\/TN\u2560aglich-frisch-auf-den-Tisch-2048x1698.jpg 2048w\" sizes=\"auto, (max-width: 318px) 100vw, 318px\" \/><\/a><\/figure>\n<\/div>\n\n\n<p>S\u00f6gel &#8211; Seit 17 Jahren kocht das A+W Team rund um Uwe Wege f\u00fcr das Familienzentrum St. Jakobus. Die Adventszeit bietet sich f\u00f6rmlich an, um Danke zu sagen. Gestartet wurde 2005 mit einem t\u00e4glichen Mittagsmen\u00fc f\u00fcr 15 Kinder. Mittlerweile nehmen fast 70 % der KiTakinder aus der kath. Einrichtung am Mittagessen teil. Die Leitung Irmgard Welling bedankte sich mit einigen Kindern aus der Kindertagesst\u00e4tte f\u00fcr das t\u00e4gliche frische, gut zubereitete und kindgerechte Essen. Die Kinder haben deutsche und rum\u00e4nische Weihnachtslieder als Dankesch\u00f6n gesungen. Anschlie\u00dfend \u00fcberreichten sie Nikol\u00e4use aus dem fairen Handel f\u00fcr das K\u00fcchenteam von A+W.<\/p>\n\n\n\n<p>Text: Irmgard Welling<\/p>\n\n\n\n<p>Foto: Mechthild Hinrichs<\/p>\n","protected":false},"excerpt":{"rendered":"S\u00f6gel &#8211; Seit 17 Jahren kocht das A+W Team rund um Uwe Wege f\u00fcr das Familienzentrum St. Jakobus. Die Adventszeit bietet sich f\u00f6rmlich an, um Danke zu sagen. Gestartet wurde 2005 mit einem t\u00e4glichen Mittagsmen\u00fc f\u00fcr 15 Kinder. Mittlerweile nehmen fast 70 % der KiTakinder aus der kath. Einrichtung am Mittagessen teil. Die Leitung Irmgard [&hellip;]\n","protected":false},"author":2,"featured_media":0,"comment_status":"closed","ping_status":"closed","sticky":false,"template":"","format":"standard","meta":{"ngg_post_thumbnail":0,"footnotes":""},"categories":[868],"tags":[],"class_list":["post-33632","post","type-post","status-publish","format-standard","hentry","category-zwischen-himmel-und-erde"],"_links":{"self":[{"href":"https:\/\/www.forum-soegel.de\/information\/wp-json\/wp\/v2\/posts\/33632","targetHints":{"allow":["GET"]}}],"collection":[{"href":"https:\/\/www.forum-soegel.de\/information\/wp-json\/wp\/v2\/posts"}],"about":[{"href":"https:\/\/www.forum-soegel.de\/information\/wp-json\/wp\/v2\/types\/post"}],"author":[{"embeddable":true,"href":"https:\/\/www.forum-soegel.de\/information\/wp-json\/wp\/v2\/users\/2"}],"replies":[{"embeddable":true,"href":"https:\/\/www.forum-soegel.de\/information\/wp-json\/wp\/v2\/comments?post=33632"}],"version-history":[{"count":2,"href":"https:\/\/www.forum-soegel.de\/information\/wp-json\/wp\/v2\/posts\/33632\/revisions"}],"predecessor-version":[{"id":33635,"href":"https:\/\/www.forum-soegel.de\/information\/wp-json\/wp\/v2\/posts\/33632\/revisions\/33635"}],"wp:attachment":[{"href":"https:\/\/www.forum-soegel.de\/information\/wp-json\/wp\/v2\/media?parent=33632"}],"wp:term":[{"taxonomy":"category","embeddable":true,"href":"https:\/\/www.forum-soegel.de\/information\/wp-json\/wp\/v2\/categories?post=33632"},{"taxonomy":"post_tag","embeddable":true,"href":"https:\/\/www.forum-soegel.de\/information\/wp-json\/wp\/v2\/tags?post=33632"}],"curies":[{"name":"wp","href":"https:\/\/api.w.org\/{rel}","templated":true}]}}