{"id":33600,"date":"2023-01-03T10:58:09","date_gmt":"2023-01-03T09:58:09","guid":{"rendered":"https:\/\/www.forum-soegel.de\/information\/?p=33600"},"modified":"2023-02-26T17:34:01","modified_gmt":"2023-02-26T16:34:01","slug":"gluecksengs-neijoahr","status":"publish","type":"post","link":"https:\/\/www.forum-soegel.de\/information\/2023\/01\/gluecksengs-neijoahr\/","title":{"rendered":"Gl\u00fccksengs Neijoahr"},"content":{"rendered":"\n<p>Gibt es einen sch\u00f6neren, passenderen Wunsch zu Beginn eines neuen Jahres? Fast in jedem Dorf wird er anders ausgesprochen. Im \u201eH\u00fcmmlinger W\u00f6rterbuch\u201c hei\u00dft es \u00fcbrigens \u201eGl\u00fcckss\u00e4\u00e4ls N\u00e4ijaar\u201c.<\/p>\n\n\n\n<p>Das kleine W\u00f6rtchen \u201eGl\u00fcck\u201c besch\u00e4ftigt schon seit Jahrhunderten und noch heute Wissenschaftler mehrerer Fakult\u00e4ten mit unterschiedlichen Definitionen. Das Gl\u00fccksschwein, das Kleeblatt oder den Schornsteinfeger kennen wir als Symbole f\u00fcr Gl\u00fcck. H\u00e4ufig wird das kleine W\u00f6rtchen in Redewendungen benutzt.<\/p>\n\n\n\n<p>Wenn wir es verwenden, machen wir uns dann wirklich Gedanken \u00fcber den tieferen Sinn? Es gibt \u201eZufallsgl\u00fcck\u201c und \u201eLebensgl\u00fcck\u201c. Lassen wir mal Ersteres au\u00dfen vor, fest steht, alle Menschen sehnen sich nach Gl\u00fcck als Lebensgef\u00fchl, also nach geistigem, k\u00f6rperlichem und sozialem Wohlempfinden. So gesehen ist dieses kleine W\u00f6rtchen allumfassend f\u00fcr Zufriedenheit, Liebe, Anerkennung, die berufliche und finanzielle Situation etc..<\/p>\n\n\n\n<p>Jeder Mensch hat eigene Vorstellungen von Gl\u00fcck und auch dazu, wie er dahin findet. Empfehlungen hierzu gibt es viele in der einschl\u00e4gigen Literatur. Erst k\u00fcrzlich, im November 2022, wurde der deutsche \u201eGl\u00fccksatlas\u201c vorgestellt. Auf einer Skala von 0 bis 10 sollten die Menschen ihre Lebenszufriedenheit bewerten. Der aktuelle Durchschnitt lag bei 6,68. Wie s\u00e4he dieser Wert wohl bei uns auf dem H\u00fcmmling aus?<\/p>\n\n\n\n<p>Danken wir von Herzen allen, die uns im vergangenen Jahr Gl\u00fcck beschert haben und nehmen es als Vorsatz mit ins neue Jahr, Gl\u00fcck zu verschenken.<\/p>\n\n\n\n<p>Bernd Eggert<\/p>\n\n\n\n<p>Vorsitzender FORUM S\u00f6gel e.V.<\/p>\n","protected":false},"excerpt":{"rendered":"Gibt es einen sch\u00f6neren, passenderen Wunsch zu Beginn eines neuen Jahres? Fast in jedem Dorf wird er anders ausgesprochen. Im \u201eH\u00fcmmlinger W\u00f6rterbuch\u201c hei\u00dft es \u00fcbrigens \u201eGl\u00fcckss\u00e4\u00e4ls N\u00e4ijaar\u201c. Das kleine W\u00f6rtchen \u201eGl\u00fcck\u201c besch\u00e4ftigt schon seit Jahrhunderten und noch heute Wissenschaftler mehrerer Fakult\u00e4ten mit unterschiedlichen Definitionen. Das Gl\u00fccksschwein, das Kleeblatt oder den Schornsteinfeger kennen wir als Symbole [&hellip;]\n","protected":false},"author":2,"featured_media":0,"comment_status":"closed","ping_status":"closed","sticky":false,"template":"","format":"standard","meta":{"ngg_post_thumbnail":0,"footnotes":""},"categories":[393],"tags":[],"class_list":["post-33600","post","type-post","status-publish","format-standard","hentry","category-vorwort"],"_links":{"self":[{"href":"https:\/\/www.forum-soegel.de\/information\/wp-json\/wp\/v2\/posts\/33600","targetHints":{"allow":["GET"]}}],"collection":[{"href":"https:\/\/www.forum-soegel.de\/information\/wp-json\/wp\/v2\/posts"}],"about":[{"href":"https:\/\/www.forum-soegel.de\/information\/wp-json\/wp\/v2\/types\/post"}],"author":[{"embeddable":true,"href":"https:\/\/www.forum-soegel.de\/information\/wp-json\/wp\/v2\/users\/2"}],"replies":[{"embeddable":true,"href":"https:\/\/www.forum-soegel.de\/information\/wp-json\/wp\/v2\/comments?post=33600"}],"version-history":[{"count":1,"href":"https:\/\/www.forum-soegel.de\/information\/wp-json\/wp\/v2\/posts\/33600\/revisions"}],"predecessor-version":[{"id":33601,"href":"https:\/\/www.forum-soegel.de\/information\/wp-json\/wp\/v2\/posts\/33600\/revisions\/33601"}],"wp:attachment":[{"href":"https:\/\/www.forum-soegel.de\/information\/wp-json\/wp\/v2\/media?parent=33600"}],"wp:term":[{"taxonomy":"category","embeddable":true,"href":"https:\/\/www.forum-soegel.de\/information\/wp-json\/wp\/v2\/categories?post=33600"},{"taxonomy":"post_tag","embeddable":true,"href":"https:\/\/www.forum-soegel.de\/information\/wp-json\/wp\/v2\/tags?post=33600"}],"curies":[{"name":"wp","href":"https:\/\/api.w.org\/{rel}","templated":true}]}}