{"id":3360,"date":"2010-10-01T09:40:23","date_gmt":"2010-10-01T07:40:23","guid":{"rendered":"https:\/\/www.forum-soegel.de\/information\/?p=3360"},"modified":"2010-10-01T09:34:28","modified_gmt":"2010-10-01T07:34:28","slug":"firmkurs-2010-2011-%e2%80%93-gottes-geist-befreit-zum-leben","status":"publish","type":"post","link":"https:\/\/www.forum-soegel.de\/information\/2010\/10\/firmkurs-2010-2011-%e2%80%93-gottes-geist-befreit-zum-leben\/","title":{"rendered":"Firmkurs 2010-2011 \u2013 Gottes Geist befreit zum Leben!!"},"content":{"rendered":"<p>Nach den Herbstferien beginnt wieder in den Kirchengemeinden S\u00f6gel, Spahnharrenst\u00e4tte und H\u00fcven der Vorbereitungskurs f\u00fcr die Firmung. Alle Jugendlichen aus dem 9. Schuljahr, die die Firmung empfangen m\u00f6chten, sind herzlich zur Teilnahme an diesem Kurs eingeladen. Anmeldungen werden ab Anfang Oktober in den jeweiligen Pfarrb\u00fcros entgegengenommen. Informationsflyer und Anmeldeformulare liegen in den Kirchen aus bzw. sind in den Pfarrb\u00fcros erh\u00e4ltlich.<\/p>\n<p>Mit dem Empfang des Firmsakramentes ist man volles Mitglied der Kirche. Nach der Taufe und Erstkommunion bildet es den Abschluss der so genannten \u201eInitiations-Sakramente\u201c zur Aufnahme in die Kirche. In den ersten Jahrhunderten der fr\u00fchen Kirche, als noch weitgehend Erwachsene in die Kirche aufgenommen wurden, bildeten Taufe, Kommunion und Firmung eine Einheit und wurden in ein und derselben Feier gespendet. Erst mit dem Aufkommen der Kindertaufe wurden diese drei Sakramente voneinander gel\u00f6st und einzeln an den biographischen Wendepunkten zwischen Geburt und Erwachsenwerden empfangen. Die orthodoxen Kirchen haben bis heute diese Einheit beibehalten.<\/p>\n<p>Mit der Firmung wird jungen Menschen das Angebot gemacht, sich kritisch mit sich selbst, mit dem Glauben und der Kirche auseinander zu setzen. Die Firmung soll von den Jugendlichen als \u201eSt\u00e4rkung\u201c im Prozess des Erwachsenwerdens erfahren werden. Gleichzeitig sollen die eigenverantwortlich zu ihrem Glauben \u201eJa\u201c sagen k\u00f6nnen. Deshalb ist es wichtig, dass die Jugendlichen aus eigener Motivation heraus am Firmkurs teilnehmen.<\/p>\n<p>Im Fr\u00fchjahr des kommenden Jahres wird Weihbischof Theodor Kettmann im Rahmen der Dekanats-Visitation auch unsere Gemeinden besuchen und das Sakrament der Firmung spenden. Nach der Firmung k\u00f6nnen die Jugendlichen ihr Engagement in der ehrenamtlichen Mitarbeit in unseren Gemeinden vertiefen (z. B. als Gruppenleiter\/-in) und so wachsende Verantwortung f\u00fcr sich und andere \u00fcbernehmen.<\/p>\n<p>Bei Fragen und Anregungen steht Kaplan Michael Franke (Tel. 0 59 52 \u2013 99 09 132) als Hauptverantwortlicher gerne zur Verf\u00fcgung.<\/p>\n<p>Zur Begleitung des Firmkurses werden wieder ehrenamtliche Katechetinnen und Katecheten gesucht: Junge und alte Menschen sollen als Wegbegleiter\/-innen bei den Firmkurs-Treffen dabei sein. Wer daran interessiert ist, kann sich ebenfalls gerne mit Kaplan Franke in Verbindung setzen.<\/p>\n","protected":false},"excerpt":{"rendered":"Nach den Herbstferien beginnt wieder in den Kirchengemeinden S\u00f6gel, Spahnharrenst\u00e4tte und H\u00fcven der Vorbereitungskurs f\u00fcr die Firmung. Alle Jugendlichen aus dem 9. Schuljahr, die die Firmung empfangen m\u00f6chten, sind herzlich zur Teilnahme an diesem Kurs eingeladen. Anmeldungen werden ab Anfang Oktober in den jeweiligen Pfarrb\u00fcros entgegengenommen. Informationsflyer und Anmeldeformulare liegen in den Kirchen aus bzw. [&hellip;]\n","protected":false},"author":2,"featured_media":0,"comment_status":"closed","ping_status":"closed","sticky":false,"template":"","format":"standard","meta":{"ngg_post_thumbnail":0,"footnotes":""},"categories":[3],"tags":[],"class_list":["post-3360","post","type-post","status-publish","format-standard","hentry","category-aktuelles-aus-der-region"],"_links":{"self":[{"href":"https:\/\/www.forum-soegel.de\/information\/wp-json\/wp\/v2\/posts\/3360","targetHints":{"allow":["GET"]}}],"collection":[{"href":"https:\/\/www.forum-soegel.de\/information\/wp-json\/wp\/v2\/posts"}],"about":[{"href":"https:\/\/www.forum-soegel.de\/information\/wp-json\/wp\/v2\/types\/post"}],"author":[{"embeddable":true,"href":"https:\/\/www.forum-soegel.de\/information\/wp-json\/wp\/v2\/users\/2"}],"replies":[{"embeddable":true,"href":"https:\/\/www.forum-soegel.de\/information\/wp-json\/wp\/v2\/comments?post=3360"}],"version-history":[{"count":4,"href":"https:\/\/www.forum-soegel.de\/information\/wp-json\/wp\/v2\/posts\/3360\/revisions"}],"predecessor-version":[{"id":3393,"href":"https:\/\/www.forum-soegel.de\/information\/wp-json\/wp\/v2\/posts\/3360\/revisions\/3393"}],"wp:attachment":[{"href":"https:\/\/www.forum-soegel.de\/information\/wp-json\/wp\/v2\/media?parent=3360"}],"wp:term":[{"taxonomy":"category","embeddable":true,"href":"https:\/\/www.forum-soegel.de\/information\/wp-json\/wp\/v2\/categories?post=3360"},{"taxonomy":"post_tag","embeddable":true,"href":"https:\/\/www.forum-soegel.de\/information\/wp-json\/wp\/v2\/tags?post=3360"}],"curies":[{"name":"wp","href":"https:\/\/api.w.org\/{rel}","templated":true}]}}