{"id":33576,"date":"2022-12-06T15:47:37","date_gmt":"2022-12-06T14:47:37","guid":{"rendered":"https:\/\/www.forum-soegel.de\/information\/?p=33576"},"modified":"2022-12-06T15:47:37","modified_gmt":"2022-12-06T14:47:37","slug":"projekt-hospiz-macht-schule-fuer-vierte-klassen-in-der-bernhardschule-soegel","status":"publish","type":"post","link":"https:\/\/www.forum-soegel.de\/information\/2022\/12\/projekt-hospiz-macht-schule-fuer-vierte-klassen-in-der-bernhardschule-soegel\/","title":{"rendered":"Projekt \u201eHospiz macht Schule\u201c f\u00fcr vierte Klassen in der Bernhardschule S\u00f6gel"},"content":{"rendered":"\n<p>S\u00f6gel \u2013 \u201eUnd wenn die Traurigkeit geht und man geweint hat, dann kommt das Leben zur\u00fcck\u201c, so eines der vielen, sehr interessierten Kinder der Grundschule am Abschlusstag des Projekts.<\/p>\n\n\n\n<p>Im Rahmen des Programms \u201eHospiz macht Schule\u201c hat der Hospizverein S\u00f6gel in der Bernhardschule f\u00fcr die vierten Klassen mit ca. 60 Sch\u00fclern das Projekt durchgef\u00fchrt, in der das Thema Tod und Sterben kindgerecht nahegebracht wurde.<\/p>\n\n\n\n<p>Mit verschiedenen Schwerpunkten und mit viel Feingef\u00fchl der 6 ehrenamtlichen Hospizhelferinnen, Anke B\u00fcrschen, Anni Lohmann, Bettina Weinrich, Emmi Wichmann, Ulla Brachem und Steffie Olliges, die daf\u00fcr extra ausgebildet wurden, wurden die Kinder in dieser Woche an das Thema herangef\u00fchrt. Im Vorfeld seien die Eltern, so Steffie Olliges, Koordinatorin des Hospizvereins, zu dem Thema informiert worden.<\/p>\n\n\n\n<p>Die Schwerpunkte des Projektes lagen in den Bereichen: \u201eWerden und Vergehen\u201c, \u201eKrankheit und Leid\u201c, \u201eSterben und Tod\u201c, \u201eVom Traurig sein\u201c, und \u201eTrost und Tr\u00f6sten\u201c.<\/p>\n\n\n\n<p>Zu jedem einzelnen Thema wurde eine \u201eSchatzkiste\u201c mit Arbeitsmaterial gepackt. Auch pantomimisch wurde das Thema, sehr zur Freude der Kinder, erfahren und erkl\u00e4rt. Durch die kindgerechte und professionelle Herangehensweise wurde die Kreativit\u00e4t der Sch\u00fcler angeregt und zeiget sich in den vielen Bildern und Bastelarbeiten, die im Laufe der Woche entstanden.<\/p>\n\n\n\n<p>Laut den Vertreterinnen des Hospizvereins gingen die Kinder gut mit diesem Thema um. Jeden Tag aufs Neue waren die Kinder wissbegierig und gespannt auf das Thema der einzelnen Tage. Dabei zeigten sie viel Gef\u00fchl. Am Ende des Projekts wurde das Leben gefeiert und es gab Muffins f\u00fcr alle.<\/p>\n\n\n\n<p>Die gemalten Bilder und andere Ergebnisse konnten die Sch\u00fcler in einer Mappe mit nach Hause nehmen, genauso die gestalteten Blument\u00f6pfe, in denen eine Bohne als Beispiel f\u00fcr Wachsen und neues Leben gepflanzt wurde.<\/p>\n\n\n\n<p>Das Projekt wurde auf Anfrage der zust\u00e4ndigen P\u00e4dagogin Henrike Sanders und in Absprache mit der Schulleitung Frau Silvia Schmid durchgef\u00fchrt. Die R\u00fcckmeldungen der Kinder war sehr positiv. Auch die Ehrenamtlichen best\u00e4tigten immer wieder, wie positiv dieses Thema von den Kindern angenommen wurde und wie bereichernd es f\u00fcr sie selbst war. Ziel sei es, das Thema fr\u00fchzeitig in die Gesellschaft zu transportieren und somit Tod und Sterben als Teil des Lebens zu begreifen.<\/p>\n\n\n\n<p>Text\/Fotos: Hospizverein S\u00f6gel<\/p>\n\n\n\n<figure class=\"wp-block-gallery has-nested-images columns-default is-cropped wp-block-gallery-1 is-layout-flex wp-block-gallery-is-layout-flex\">\n<figure class=\"wp-block-image size-large\"><a href=\"https:\/\/www.forum-soegel.de\/information\/wp-content\/uploads\/2022\/12\/Hospiz-Schule-So\u2560egel-Nov.2022-4-scaled.jpg\"><img loading=\"lazy\" decoding=\"async\" width=\"1024\" height=\"680\" data-id=\"33578\" src=\"https:\/\/www.forum-soegel.de\/information\/wp-content\/uploads\/2022\/12\/Hospiz-Schule-So\u2560egel-Nov.2022-4-1024x680.jpg\" alt=\"\" class=\"wp-image-33578\" srcset=\"https:\/\/www.forum-soegel.de\/information\/wp-content\/uploads\/2022\/12\/Hospiz-Schule-So\u2560egel-Nov.2022-4-1024x680.jpg 1024w, https:\/\/www.forum-soegel.de\/information\/wp-content\/uploads\/2022\/12\/Hospiz-Schule-So\u2560egel-Nov.2022-4-300x199.jpg 300w, https:\/\/www.forum-soegel.de\/information\/wp-content\/uploads\/2022\/12\/Hospiz-Schule-So\u2560egel-Nov.2022-4-768x510.jpg 768w, https:\/\/www.forum-soegel.de\/information\/wp-content\/uploads\/2022\/12\/Hospiz-Schule-So\u2560egel-Nov.2022-4-1536x1020.jpg 1536w, https:\/\/www.forum-soegel.de\/information\/wp-content\/uploads\/2022\/12\/Hospiz-Schule-So\u2560egel-Nov.2022-4-2048x1360.jpg 2048w\" sizes=\"auto, (max-width: 1024px) 100vw, 1024px\" \/><\/a><\/figure>\n\n\n\n<figure class=\"wp-block-image size-large\"><a href=\"https:\/\/www.forum-soegel.de\/information\/wp-content\/uploads\/2022\/12\/Hospiz-macht-Schule-2-scaled.jpg\"><img loading=\"lazy\" decoding=\"async\" width=\"1024\" height=\"768\" data-id=\"33580\" src=\"https:\/\/www.forum-soegel.de\/information\/wp-content\/uploads\/2022\/12\/Hospiz-macht-Schule-2-1024x768.jpg\" alt=\"\" class=\"wp-image-33580\" srcset=\"https:\/\/www.forum-soegel.de\/information\/wp-content\/uploads\/2022\/12\/Hospiz-macht-Schule-2-1024x768.jpg 1024w, https:\/\/www.forum-soegel.de\/information\/wp-content\/uploads\/2022\/12\/Hospiz-macht-Schule-2-300x225.jpg 300w, https:\/\/www.forum-soegel.de\/information\/wp-content\/uploads\/2022\/12\/Hospiz-macht-Schule-2-768x576.jpg 768w, https:\/\/www.forum-soegel.de\/information\/wp-content\/uploads\/2022\/12\/Hospiz-macht-Schule-2-1536x1152.jpg 1536w, https:\/\/www.forum-soegel.de\/information\/wp-content\/uploads\/2022\/12\/Hospiz-macht-Schule-2-2048x1536.jpg 2048w\" sizes=\"auto, (max-width: 1024px) 100vw, 1024px\" \/><\/a><\/figure>\n\n\n\n<figure class=\"wp-block-image size-large\"><a href=\"https:\/\/www.forum-soegel.de\/information\/wp-content\/uploads\/2022\/12\/Hospiz-macht-Schule-5-scaled.jpg\"><img loading=\"lazy\" decoding=\"async\" width=\"1024\" height=\"768\" data-id=\"33577\" src=\"https:\/\/www.forum-soegel.de\/information\/wp-content\/uploads\/2022\/12\/Hospiz-macht-Schule-5-1024x768.jpg\" alt=\"\" class=\"wp-image-33577\" srcset=\"https:\/\/www.forum-soegel.de\/information\/wp-content\/uploads\/2022\/12\/Hospiz-macht-Schule-5-1024x768.jpg 1024w, https:\/\/www.forum-soegel.de\/information\/wp-content\/uploads\/2022\/12\/Hospiz-macht-Schule-5-300x225.jpg 300w, https:\/\/www.forum-soegel.de\/information\/wp-content\/uploads\/2022\/12\/Hospiz-macht-Schule-5-768x576.jpg 768w, https:\/\/www.forum-soegel.de\/information\/wp-content\/uploads\/2022\/12\/Hospiz-macht-Schule-5-1536x1152.jpg 1536w, https:\/\/www.forum-soegel.de\/information\/wp-content\/uploads\/2022\/12\/Hospiz-macht-Schule-5-2048x1536.jpg 2048w\" sizes=\"auto, (max-width: 1024px) 100vw, 1024px\" \/><\/a><\/figure>\n\n\n\n<figure class=\"wp-block-image size-large\"><a href=\"https:\/\/www.forum-soegel.de\/information\/wp-content\/uploads\/2022\/12\/Hospiz-Schule-So\u2560egel-Nov.2022-1-scaled.jpg\"><img loading=\"lazy\" decoding=\"async\" width=\"1024\" height=\"680\" data-id=\"33581\" src=\"https:\/\/www.forum-soegel.de\/information\/wp-content\/uploads\/2022\/12\/Hospiz-Schule-So\u2560egel-Nov.2022-1-1024x680.jpg\" alt=\"\" class=\"wp-image-33581\" srcset=\"https:\/\/www.forum-soegel.de\/information\/wp-content\/uploads\/2022\/12\/Hospiz-Schule-So\u2560egel-Nov.2022-1-1024x680.jpg 1024w, https:\/\/www.forum-soegel.de\/information\/wp-content\/uploads\/2022\/12\/Hospiz-Schule-So\u2560egel-Nov.2022-1-300x199.jpg 300w, https:\/\/www.forum-soegel.de\/information\/wp-content\/uploads\/2022\/12\/Hospiz-Schule-So\u2560egel-Nov.2022-1-768x510.jpg 768w, https:\/\/www.forum-soegel.de\/information\/wp-content\/uploads\/2022\/12\/Hospiz-Schule-So\u2560egel-Nov.2022-1-1536x1020.jpg 1536w, https:\/\/www.forum-soegel.de\/information\/wp-content\/uploads\/2022\/12\/Hospiz-Schule-So\u2560egel-Nov.2022-1-2048x1360.jpg 2048w\" sizes=\"auto, (max-width: 1024px) 100vw, 1024px\" \/><\/a><\/figure>\n\n\n\n<figure class=\"wp-block-image size-large\"><a href=\"https:\/\/www.forum-soegel.de\/information\/wp-content\/uploads\/2022\/12\/Hospiz-Schule-So\u2560egel-Nov.2022-3-scaled.jpg\"><img loading=\"lazy\" decoding=\"async\" width=\"1024\" height=\"680\" data-id=\"33579\" src=\"https:\/\/www.forum-soegel.de\/information\/wp-content\/uploads\/2022\/12\/Hospiz-Schule-So\u2560egel-Nov.2022-3-1024x680.jpg\" alt=\"\" class=\"wp-image-33579\" srcset=\"https:\/\/www.forum-soegel.de\/information\/wp-content\/uploads\/2022\/12\/Hospiz-Schule-So\u2560egel-Nov.2022-3-1024x680.jpg 1024w, https:\/\/www.forum-soegel.de\/information\/wp-content\/uploads\/2022\/12\/Hospiz-Schule-So\u2560egel-Nov.2022-3-300x199.jpg 300w, https:\/\/www.forum-soegel.de\/information\/wp-content\/uploads\/2022\/12\/Hospiz-Schule-So\u2560egel-Nov.2022-3-768x510.jpg 768w, https:\/\/www.forum-soegel.de\/information\/wp-content\/uploads\/2022\/12\/Hospiz-Schule-So\u2560egel-Nov.2022-3-1536x1020.jpg 1536w, https:\/\/www.forum-soegel.de\/information\/wp-content\/uploads\/2022\/12\/Hospiz-Schule-So\u2560egel-Nov.2022-3-2048x1360.jpg 2048w\" sizes=\"auto, (max-width: 1024px) 100vw, 1024px\" \/><\/a><\/figure>\n<\/figure>\n","protected":false},"excerpt":{"rendered":"S\u00f6gel \u2013 \u201eUnd wenn die Traurigkeit geht und man geweint hat, dann kommt das Leben zur\u00fcck\u201c, so eines der vielen, sehr interessierten Kinder der Grundschule am Abschlusstag des Projekts. Im Rahmen des Programms \u201eHospiz macht Schule\u201c hat der Hospizverein S\u00f6gel in der Bernhardschule f\u00fcr die vierten Klassen mit ca. 60 Sch\u00fclern das Projekt durchgef\u00fchrt, in [&hellip;]\n","protected":false},"author":2,"featured_media":0,"comment_status":"closed","ping_status":"closed","sticky":false,"template":"","format":"standard","meta":{"ngg_post_thumbnail":0,"footnotes":""},"categories":[6],"tags":[],"class_list":["post-33576","post","type-post","status-publish","format-standard","hentry","category-aus-der-schule-geplaudert"],"_links":{"self":[{"href":"https:\/\/www.forum-soegel.de\/information\/wp-json\/wp\/v2\/posts\/33576","targetHints":{"allow":["GET"]}}],"collection":[{"href":"https:\/\/www.forum-soegel.de\/information\/wp-json\/wp\/v2\/posts"}],"about":[{"href":"https:\/\/www.forum-soegel.de\/information\/wp-json\/wp\/v2\/types\/post"}],"author":[{"embeddable":true,"href":"https:\/\/www.forum-soegel.de\/information\/wp-json\/wp\/v2\/users\/2"}],"replies":[{"embeddable":true,"href":"https:\/\/www.forum-soegel.de\/information\/wp-json\/wp\/v2\/comments?post=33576"}],"version-history":[{"count":1,"href":"https:\/\/www.forum-soegel.de\/information\/wp-json\/wp\/v2\/posts\/33576\/revisions"}],"predecessor-version":[{"id":33582,"href":"https:\/\/www.forum-soegel.de\/information\/wp-json\/wp\/v2\/posts\/33576\/revisions\/33582"}],"wp:attachment":[{"href":"https:\/\/www.forum-soegel.de\/information\/wp-json\/wp\/v2\/media?parent=33576"}],"wp:term":[{"taxonomy":"category","embeddable":true,"href":"https:\/\/www.forum-soegel.de\/information\/wp-json\/wp\/v2\/categories?post=33576"},{"taxonomy":"post_tag","embeddable":true,"href":"https:\/\/www.forum-soegel.de\/information\/wp-json\/wp\/v2\/tags?post=33576"}],"curies":[{"name":"wp","href":"https:\/\/api.w.org\/{rel}","templated":true}]}}