{"id":33572,"date":"2022-12-06T15:43:25","date_gmt":"2022-12-06T14:43:25","guid":{"rendered":"https:\/\/www.forum-soegel.de\/information\/?p=33572"},"modified":"2022-12-06T15:43:25","modified_gmt":"2022-12-06T14:43:25","slug":"neujahrskonzert-2023","status":"publish","type":"post","link":"https:\/\/www.forum-soegel.de\/information\/2022\/12\/neujahrskonzert-2023\/","title":{"rendered":"Neujahrskonzert 2023"},"content":{"rendered":"\n<p>S\u00f6gel &#8211; Nachdem 2021 und 2022 das Neujahrskonzert leider coronabedingt ausfallen musste, hoffen wir sehr, dass am Sonntag, den 7. Januar 2023 das Neujahrskonzert wie geplant und ohne Einschr\u00e4nkungen durchgef\u00fchrt werden kann. Wenn alles gut l\u00e4uft, werden wir nach zweij\u00e4hriger Abstinenz hoffentlich wieder im ausverkauften Haus ein wundersch\u00f6nes Konzert erleben. Die Eintrittskarten werden wir aber erst Ende November drucken, wenn wir halbwegs sicher sein k\u00f6nnen, dass das Konzert nicht erneut abgesagt werden muss. Auch wenn Sie in der Vergangenheit immer unser Neujahrskonzert besucht haben, m\u00fcssen Sie uns telefonisch oder per Mail mitteilen, dass Sie f\u00fcr das Konzert 2023 Karten w\u00fcnschen, m\u00f6glichst mit Angabe Ihres Sitzplatzwunsches. Selbstverst\u00e4ndlich k\u00f6nnen Sie ab Anfang Dezember Eintrittskarten auch w\u00e4hrend unserer \u00d6ffnungszeiten (Mo. und Fr. von 10:30 Uhr bis 12:30 Uhr und Mi. von 16:00 Uhr bis 18:00 Uhr) direkt in der Gesch\u00e4ftsstelle erwerben. Alle bestellten Karten, die nicht bis zum 21.12.2023 (unserem letzten \u00d6ffnungstag vor den Weihnachtsferien) abgeholt wurden, gehen wieder in den Verkauf. Bitte informieren Sie uns, falls Sie Ihre Karten bis dahin nicht abholen k\u00f6nnen, damit wir eine Sonderregelung finden.<\/p>\n\n\n\n<p>Auf unserer Website www.kulturkreis-clemenswerth.de finden Sie immer aktuelle Hinweise zu unseren Veranstaltungen, ggf. auch zu notwendigen \u00c4nderungen.<\/p>\n\n\n\n<p>Text: Manfred Rojahn, Kulturkreis Clemenswerth<\/p>\n","protected":false},"excerpt":{"rendered":"S\u00f6gel &#8211; Nachdem 2021 und 2022 das Neujahrskonzert leider coronabedingt ausfallen musste, hoffen wir sehr, dass am Sonntag, den 7. Januar 2023 das Neujahrskonzert wie geplant und ohne Einschr\u00e4nkungen durchgef\u00fchrt werden kann. Wenn alles gut l\u00e4uft, werden wir nach zweij\u00e4hriger Abstinenz hoffentlich wieder im ausverkauften Haus ein wundersch\u00f6nes Konzert erleben. Die Eintrittskarten werden wir aber [&hellip;]\n","protected":false},"author":2,"featured_media":0,"comment_status":"closed","ping_status":"closed","sticky":false,"template":"","format":"standard","meta":{"ngg_post_thumbnail":0,"footnotes":""},"categories":[11],"tags":[],"class_list":["post-33572","post","type-post","status-publish","format-standard","hentry","category-termine"],"_links":{"self":[{"href":"https:\/\/www.forum-soegel.de\/information\/wp-json\/wp\/v2\/posts\/33572","targetHints":{"allow":["GET"]}}],"collection":[{"href":"https:\/\/www.forum-soegel.de\/information\/wp-json\/wp\/v2\/posts"}],"about":[{"href":"https:\/\/www.forum-soegel.de\/information\/wp-json\/wp\/v2\/types\/post"}],"author":[{"embeddable":true,"href":"https:\/\/www.forum-soegel.de\/information\/wp-json\/wp\/v2\/users\/2"}],"replies":[{"embeddable":true,"href":"https:\/\/www.forum-soegel.de\/information\/wp-json\/wp\/v2\/comments?post=33572"}],"version-history":[{"count":1,"href":"https:\/\/www.forum-soegel.de\/information\/wp-json\/wp\/v2\/posts\/33572\/revisions"}],"predecessor-version":[{"id":33573,"href":"https:\/\/www.forum-soegel.de\/information\/wp-json\/wp\/v2\/posts\/33572\/revisions\/33573"}],"wp:attachment":[{"href":"https:\/\/www.forum-soegel.de\/information\/wp-json\/wp\/v2\/media?parent=33572"}],"wp:term":[{"taxonomy":"category","embeddable":true,"href":"https:\/\/www.forum-soegel.de\/information\/wp-json\/wp\/v2\/categories?post=33572"},{"taxonomy":"post_tag","embeddable":true,"href":"https:\/\/www.forum-soegel.de\/information\/wp-json\/wp\/v2\/tags?post=33572"}],"curies":[{"name":"wp","href":"https:\/\/api.w.org\/{rel}","templated":true}]}}