{"id":33570,"date":"2022-12-06T15:42:39","date_gmt":"2022-12-06T14:42:39","guid":{"rendered":"https:\/\/www.forum-soegel.de\/information\/?p=33570"},"modified":"2022-12-06T15:42:39","modified_gmt":"2022-12-06T14:42:39","slug":"gemeinsam-advents-und-weihnachtslieder-singen","status":"publish","type":"post","link":"https:\/\/www.forum-soegel.de\/information\/2022\/12\/gemeinsam-advents-und-weihnachtslieder-singen\/","title":{"rendered":"Gemeinsam Advents- und Weihnachtslieder singen"},"content":{"rendered":"\n<p>Am 3. Advent (11. Dezember 2022) um 16:30 Uhr findet auf dem S\u00f6geler Marktplatz ein offenes vorweihnachtliches Singen statt.<\/p>\n\n\n\n<p>Jung und Alt, Klein und Gro\u00df sind eingeladen, in stimmungsvoller Atmosph\u00e4re gemeinsam mit den S\u00f6geler Ch\u00f6ren, begleitet von Bl\u00e4sern der Kolpingkapelle S\u00f6gel, bekannte Advents- und Weihnachtslieder zu singen. Die Liedtexte werden an der LED-Wand angezeigt, so dass jede Strophe mitgesungen werden kann.<\/p>\n\n\n\n<p>Auf viele begeisterte Mits\u00e4nger und Mits\u00e4ngerinnen freuen sich der M\u00e4nnerchor Harmonie, der Kirchenchor St. Jakobus und der Singkreis S\u00f6gel.<\/p>\n","protected":false},"excerpt":{"rendered":"Am 3. Advent (11. Dezember 2022) um 16:30 Uhr findet auf dem S\u00f6geler Marktplatz ein offenes vorweihnachtliches Singen statt. Jung und Alt, Klein und Gro\u00df sind eingeladen, in stimmungsvoller Atmosph\u00e4re gemeinsam mit den S\u00f6geler Ch\u00f6ren, begleitet von Bl\u00e4sern der Kolpingkapelle S\u00f6gel, bekannte Advents- und Weihnachtslieder zu singen. Die Liedtexte werden an der LED-Wand angezeigt, so [&hellip;]\n","protected":false},"author":2,"featured_media":0,"comment_status":"closed","ping_status":"closed","sticky":false,"template":"","format":"standard","meta":{"ngg_post_thumbnail":0,"footnotes":""},"categories":[11],"tags":[],"class_list":["post-33570","post","type-post","status-publish","format-standard","hentry","category-termine"],"_links":{"self":[{"href":"https:\/\/www.forum-soegel.de\/information\/wp-json\/wp\/v2\/posts\/33570","targetHints":{"allow":["GET"]}}],"collection":[{"href":"https:\/\/www.forum-soegel.de\/information\/wp-json\/wp\/v2\/posts"}],"about":[{"href":"https:\/\/www.forum-soegel.de\/information\/wp-json\/wp\/v2\/types\/post"}],"author":[{"embeddable":true,"href":"https:\/\/www.forum-soegel.de\/information\/wp-json\/wp\/v2\/users\/2"}],"replies":[{"embeddable":true,"href":"https:\/\/www.forum-soegel.de\/information\/wp-json\/wp\/v2\/comments?post=33570"}],"version-history":[{"count":1,"href":"https:\/\/www.forum-soegel.de\/information\/wp-json\/wp\/v2\/posts\/33570\/revisions"}],"predecessor-version":[{"id":33571,"href":"https:\/\/www.forum-soegel.de\/information\/wp-json\/wp\/v2\/posts\/33570\/revisions\/33571"}],"wp:attachment":[{"href":"https:\/\/www.forum-soegel.de\/information\/wp-json\/wp\/v2\/media?parent=33570"}],"wp:term":[{"taxonomy":"category","embeddable":true,"href":"https:\/\/www.forum-soegel.de\/information\/wp-json\/wp\/v2\/categories?post=33570"},{"taxonomy":"post_tag","embeddable":true,"href":"https:\/\/www.forum-soegel.de\/information\/wp-json\/wp\/v2\/tags?post=33570"}],"curies":[{"name":"wp","href":"https:\/\/api.w.org\/{rel}","templated":true}]}}