{"id":33563,"date":"2022-12-06T15:38:05","date_gmt":"2022-12-06T14:38:05","guid":{"rendered":"https:\/\/www.forum-soegel.de\/information\/?p=33563"},"modified":"2022-12-06T15:38:05","modified_gmt":"2022-12-06T14:38:05","slug":"feuerwehrmeldungen-5","status":"publish","type":"post","link":"https:\/\/www.forum-soegel.de\/information\/2022\/12\/feuerwehrmeldungen-5\/","title":{"rendered":"Feuerwehrmeldungen"},"content":{"rendered":"\n<p>S\u00f6gel &#8211; Brand in Gewerbebetrieb<\/p>\n\n\n\n<p>Am Donnerstagmittag (13.10.2022) wurde die freiwillige Feuerwehr S\u00f6gel gegen 13.25 Uhr zu einem Brand in einem Garten- und Landschaftsbaubetrieb in der Industriestra\u00dfe in S\u00f6gel alarmiert. Nachbarn hatten Rauch aus dem Geb\u00e4ude aufsteigen sehen.<\/p>\n\n\n\n<p>Als die Feuerwehr S\u00f6gel mit sechs Fahrzeugen an der Einsatzstelle eintraf, stellte sie eine starke Rauchentwicklung und Feuer im B\u00fcrotrakt fest. Zwei Atemschutztrupps drangen in das Geb\u00e4ude ein und l\u00f6schten die Flammen. Weitere R\u00e4ume in dem verzeigten Haus wurden mit der W\u00e4rmebildkamera abgesucht nach eventuell vorhandenen Glutnestern.Dank der schnellen Alarmierung konnte ein \u00dcbergreifen auf das gesamte Geb\u00e4ude verhindert werden.<\/p>\n\n\n\n<p>Mit einem Hochleistungsl\u00fcfter konnte das Geb\u00e4ude schlie\u00dflich entraucht werden. Vorsorglich mit alarmierte Atemschutztrupps der Feuerwehr Ber\u00dfen mussten nicht mehr ausr\u00fccken.<\/p>\n\n\n\n<p>Durch das Feuer, das die B\u00fcror\u00e4ume verw\u00fcstete, wurden Akten und B\u00fcroger\u00e4te ein Raub der Flammen.Die Polizei S\u00f6gel hat die Brandursachenermittlung aufgenommen.<\/p>\n\n\n\n<p>S\u00f6gel &#8211; Brand im alten Lagerhaus am ehemaligen Bahnhof<\/p>\n\n\n\n<p>Mehrfach musste die Feuerwehr S\u00f6gel in der Vergangenheit zum alten leerstehenden Lagerhaus am ehemaligen Bahnhof ausr\u00fccken, so auch am Sonntagnachmittag (13.11.2022). Dieses Mal brannte im Keller des langgezogenen Lagergeb\u00e4udes ein alter Reifen. Die Feuerwehrleute l\u00f6schten das Feuer und durchsuchten das gesamte verqualmte Geb\u00e4ude, um sicherzustellen, dass sich keine Personen mehr darin befanden.<\/p>\n\n\n\n<figure class=\"wp-block-image size-full\"><a href=\"https:\/\/www.forum-soegel.de\/information\/wp-content\/uploads\/2022\/12\/Blaulichtmeldung_Feuerwehr-002.jpg\"><img loading=\"lazy\" decoding=\"async\" width=\"1024\" height=\"768\" src=\"https:\/\/www.forum-soegel.de\/information\/wp-content\/uploads\/2022\/12\/Blaulichtmeldung_Feuerwehr-002.jpg\" alt=\"\" class=\"wp-image-33564\" srcset=\"https:\/\/www.forum-soegel.de\/information\/wp-content\/uploads\/2022\/12\/Blaulichtmeldung_Feuerwehr-002.jpg 1024w, https:\/\/www.forum-soegel.de\/information\/wp-content\/uploads\/2022\/12\/Blaulichtmeldung_Feuerwehr-002-300x225.jpg 300w, https:\/\/www.forum-soegel.de\/information\/wp-content\/uploads\/2022\/12\/Blaulichtmeldung_Feuerwehr-002-768x576.jpg 768w\" sizes=\"auto, (max-width: 1024px) 100vw, 1024px\" \/><\/a><figcaption class=\"wp-element-caption\">Feuerwehreinsatz am alten Lagerhaus in S\u00f6gel (Quelle: SG S\u00f6gel \/ Feuerwehr)<\/figcaption><\/figure>\n\n\n\n<p>Zusammengestellt von Gerd Rode<\/p>\n","protected":false},"excerpt":{"rendered":"S\u00f6gel &#8211; Brand in Gewerbebetrieb Am Donnerstagmittag (13.10.2022) wurde die freiwillige Feuerwehr S\u00f6gel gegen 13.25 Uhr zu einem Brand in einem Garten- und Landschaftsbaubetrieb in der Industriestra\u00dfe in S\u00f6gel alarmiert. Nachbarn hatten Rauch aus dem Geb\u00e4ude aufsteigen sehen. Als die Feuerwehr S\u00f6gel mit sechs Fahrzeugen an der Einsatzstelle eintraf, stellte sie eine starke Rauchentwicklung und [&hellip;]\n","protected":false},"author":2,"featured_media":0,"comment_status":"closed","ping_status":"closed","sticky":false,"template":"","format":"standard","meta":{"ngg_post_thumbnail":0,"footnotes":""},"categories":[931],"tags":[],"class_list":["post-33563","post","type-post","status-publish","format-standard","hentry","category-blaulichtreport"],"_links":{"self":[{"href":"https:\/\/www.forum-soegel.de\/information\/wp-json\/wp\/v2\/posts\/33563","targetHints":{"allow":["GET"]}}],"collection":[{"href":"https:\/\/www.forum-soegel.de\/information\/wp-json\/wp\/v2\/posts"}],"about":[{"href":"https:\/\/www.forum-soegel.de\/information\/wp-json\/wp\/v2\/types\/post"}],"author":[{"embeddable":true,"href":"https:\/\/www.forum-soegel.de\/information\/wp-json\/wp\/v2\/users\/2"}],"replies":[{"embeddable":true,"href":"https:\/\/www.forum-soegel.de\/information\/wp-json\/wp\/v2\/comments?post=33563"}],"version-history":[{"count":1,"href":"https:\/\/www.forum-soegel.de\/information\/wp-json\/wp\/v2\/posts\/33563\/revisions"}],"predecessor-version":[{"id":33565,"href":"https:\/\/www.forum-soegel.de\/information\/wp-json\/wp\/v2\/posts\/33563\/revisions\/33565"}],"wp:attachment":[{"href":"https:\/\/www.forum-soegel.de\/information\/wp-json\/wp\/v2\/media?parent=33563"}],"wp:term":[{"taxonomy":"category","embeddable":true,"href":"https:\/\/www.forum-soegel.de\/information\/wp-json\/wp\/v2\/categories?post=33563"},{"taxonomy":"post_tag","embeddable":true,"href":"https:\/\/www.forum-soegel.de\/information\/wp-json\/wp\/v2\/tags?post=33563"}],"curies":[{"name":"wp","href":"https:\/\/api.w.org\/{rel}","templated":true}]}}