{"id":33557,"date":"2022-12-06T15:33:49","date_gmt":"2022-12-06T14:33:49","guid":{"rendered":"https:\/\/www.forum-soegel.de\/information\/?p=33557"},"modified":"2022-12-06T15:33:49","modified_gmt":"2022-12-06T14:33:49","slug":"neuer-chefarzt-der-orthopaedie-und-unfallchirurgie-stellt-sich-vor","status":"publish","type":"post","link":"https:\/\/www.forum-soegel.de\/information\/2022\/12\/neuer-chefarzt-der-orthopaedie-und-unfallchirurgie-stellt-sich-vor\/","title":{"rendered":"Neuer Chefarzt der Orthop\u00e4die und Unfallchirurgie stellt sich vor"},"content":{"rendered":"\n<p>S\u00f6gel &#8211; Dr. med. Korte \u00fcbernimmt als Chefarzt die \u00e4rztliche Leitung der Orthop\u00e4die und Unfallchirurgie im H\u00fcmmling Hospital S\u00f6gel. \u201eEs f\u00fchlt sich an wie nach Hause kommen!\u201c, beschreibt der mit seiner Frau und seinen drei Kindern in Hasel\u00fcnne wohnende Facharzt seine R\u00fcckkehr ins Emsland. \u201eIch freue mich sehr auf die Zusammenarbeit mit den Kolleginnen und Kollegen des Hauses und die bevorstehende Herausforderung.\u201c<\/p>\n\n\n\n<p>Der Facharzt f\u00fcr Orthop\u00e4die und Unfallchirurgie, Allgemeinchirurgie und spezielle Unfallchirurgie war zuletzt am Klinikum Osnabr\u00fcck als gesch\u00e4ftsf\u00fchrender Oberarzt des Osnabr\u00fccker Zentrums f\u00fcr muskuloskelettale Chirurgie t\u00e4tig und leitete das \u00fcberregionale Traumazentrum.<\/p>\n\n\n\n<p>\u201eWir freuen uns sehr Herrn Dr. med. Korte sogar etwas fr\u00fcher als erwartet in unserem Haus begr\u00fc\u00dfen zu d\u00fcrfen! Herr Dr. med. Korte erweitert mit seiner fachlichen Expertise das medizinische Leistungsspektrum der Abteilung und bietet unseren Patientinnen und Patienten modernste Behandlungsm\u00f6glichkeiten\u201c, begr\u00fc\u00dft Herr Kock, stellvertretender Gesch\u00e4ftsf\u00fchrer des H\u00fcmmling Hospitals S\u00f6gel, den neuen Chefarzt und betont die bereits stark gef\u00fcllte Sprechstunde des Facharztes.<\/p>\n\n\n\n<p>Neben der Behandlung von Sehnenverletzungen weist Korte eine gro\u00dfe fachliche Kompetenz im Bereich der minimal-invasiven H\u00fcft- und Beckenchirurgie sowie der Behandlung von komplexen Knie- und Ellenbogenverletzungen auf. Das Behandlungsspektrum des geb\u00fcrtigen Emsl\u00e4nders umfasst sowohl die Behandlung von Arbeitsunf\u00e4llen und anderen berufsgenossenschaftlich versicherten Verletzungen, als auch die optimale Versorgung im station\u00e4ren und ambulanten Bereich der unfallchirurgischen und orthop\u00e4dischen Patientinnen und Patienten. \u201eF\u00fcr mich steht w\u00e4hrend der gesamten Behandlungsdauer der Patient ganzheitlich mit seinen Angeh\u00f6rigen im Mittelpunkt. Nur bei einem individuellen Behandlungskonzept k\u00f6nnen wir die bestm\u00f6gliche Behandlung des Patienten erreichen\u201c, erkl\u00e4rt Dr. med. Peter Korte.<\/p>\n\n\n\n<p>Text\/Foto: Linda Robbers<\/p>\n\n\n\n<figure class=\"wp-block-image size-large\"><a href=\"https:\/\/www.forum-soegel.de\/information\/wp-content\/uploads\/2022\/12\/Neuer-Chefarzt-der-OrthopN\u2560adie-und-Unfallchirurgie-stellt-sich-vor.jpg\"><img loading=\"lazy\" decoding=\"async\" width=\"1024\" height=\"768\" src=\"https:\/\/www.forum-soegel.de\/information\/wp-content\/uploads\/2022\/12\/Neuer-Chefarzt-der-OrthopN\u2560adie-und-Unfallchirurgie-stellt-sich-vor-1024x768.jpg\" alt=\"\" class=\"wp-image-33558\" srcset=\"https:\/\/www.forum-soegel.de\/information\/wp-content\/uploads\/2022\/12\/Neuer-Chefarzt-der-OrthopN\u2560adie-und-Unfallchirurgie-stellt-sich-vor-1024x768.jpg 1024w, https:\/\/www.forum-soegel.de\/information\/wp-content\/uploads\/2022\/12\/Neuer-Chefarzt-der-OrthopN\u2560adie-und-Unfallchirurgie-stellt-sich-vor-300x225.jpg 300w, https:\/\/www.forum-soegel.de\/information\/wp-content\/uploads\/2022\/12\/Neuer-Chefarzt-der-OrthopN\u2560adie-und-Unfallchirurgie-stellt-sich-vor-768x576.jpg 768w, https:\/\/www.forum-soegel.de\/information\/wp-content\/uploads\/2022\/12\/Neuer-Chefarzt-der-OrthopN\u2560adie-und-Unfallchirurgie-stellt-sich-vor-1536x1152.jpg 1536w, https:\/\/www.forum-soegel.de\/information\/wp-content\/uploads\/2022\/12\/Neuer-Chefarzt-der-OrthopN\u2560adie-und-Unfallchirurgie-stellt-sich-vor.jpg 1600w\" sizes=\"auto, (max-width: 1024px) 100vw, 1024px\" \/><\/a><figcaption class=\"wp-element-caption\">Dr. med. Peter Korte wird im Rahmen der Gesell-schafterversammlung im H\u00fcmmling Hospital S\u00f6gel begr\u00fc\u00dft. (v.l.) Pfarrer Thomas Burke, Vorsitzender der Gesellschafterversammlung, Dr. med. Peter Korte mit seiner Familie, Thomas Kock, stellv. Gesch\u00e4ftsf\u00fchrer H\u00fcmmling Hospital S\u00f6gel und Ansgar Veer, Hauptgesch\u00e4ftsf\u00fchrer der St. Bonifatius Hospitalgesellschaft<\/figcaption><\/figure>\n","protected":false},"excerpt":{"rendered":"S\u00f6gel &#8211; Dr. med. Korte \u00fcbernimmt als Chefarzt die \u00e4rztliche Leitung der Orthop\u00e4die und Unfallchirurgie im H\u00fcmmling Hospital S\u00f6gel. \u201eEs f\u00fchlt sich an wie nach Hause kommen!\u201c, beschreibt der mit seiner Frau und seinen drei Kindern in Hasel\u00fcnne wohnende Facharzt seine R\u00fcckkehr ins Emsland. \u201eIch freue mich sehr auf die Zusammenarbeit mit den Kolleginnen und [&hellip;]\n","protected":false},"author":2,"featured_media":0,"comment_status":"closed","ping_status":"closed","sticky":false,"template":"","format":"standard","meta":{"ngg_post_thumbnail":0,"footnotes":""},"categories":[25],"tags":[],"class_list":["post-33557","post","type-post","status-publish","format-standard","hentry","category-hauptsache-gesund"],"_links":{"self":[{"href":"https:\/\/www.forum-soegel.de\/information\/wp-json\/wp\/v2\/posts\/33557","targetHints":{"allow":["GET"]}}],"collection":[{"href":"https:\/\/www.forum-soegel.de\/information\/wp-json\/wp\/v2\/posts"}],"about":[{"href":"https:\/\/www.forum-soegel.de\/information\/wp-json\/wp\/v2\/types\/post"}],"author":[{"embeddable":true,"href":"https:\/\/www.forum-soegel.de\/information\/wp-json\/wp\/v2\/users\/2"}],"replies":[{"embeddable":true,"href":"https:\/\/www.forum-soegel.de\/information\/wp-json\/wp\/v2\/comments?post=33557"}],"version-history":[{"count":1,"href":"https:\/\/www.forum-soegel.de\/information\/wp-json\/wp\/v2\/posts\/33557\/revisions"}],"predecessor-version":[{"id":33559,"href":"https:\/\/www.forum-soegel.de\/information\/wp-json\/wp\/v2\/posts\/33557\/revisions\/33559"}],"wp:attachment":[{"href":"https:\/\/www.forum-soegel.de\/information\/wp-json\/wp\/v2\/media?parent=33557"}],"wp:term":[{"taxonomy":"category","embeddable":true,"href":"https:\/\/www.forum-soegel.de\/information\/wp-json\/wp\/v2\/categories?post=33557"},{"taxonomy":"post_tag","embeddable":true,"href":"https:\/\/www.forum-soegel.de\/information\/wp-json\/wp\/v2\/tags?post=33557"}],"curies":[{"name":"wp","href":"https:\/\/api.w.org\/{rel}","templated":true}]}}