{"id":33551,"date":"2022-12-06T15:30:03","date_gmt":"2022-12-06T14:30:03","guid":{"rendered":"https:\/\/www.forum-soegel.de\/information\/?p=33551"},"modified":"2022-12-06T15:30:03","modified_gmt":"2022-12-06T14:30:03","slug":"facharztwechsel-in-der-neurologie-des-mvz-soegel","status":"publish","type":"post","link":"https:\/\/www.forum-soegel.de\/information\/2022\/12\/facharztwechsel-in-der-neurologie-des-mvz-soegel\/","title":{"rendered":"Facharztwechsel in der Neurologie des MVZ S\u00f6gel"},"content":{"rendered":"\n<p><strong>Herr Edward Gorsselink nimmt als neuer Neurologe seine T\u00e4tigkeit im MVZ H\u00fcmmling Hospital \u2013 Facharztzentrum S\u00f6gel \u2013 auf<\/strong><\/p>\n\n\n\n<p>S\u00f6gel &#8211; Seit dem Jahr 2019 unterst\u00fctzte Dr. med. Eckhard Schulze das H\u00fcmmling Hospital S\u00f6gel als Facharzt f\u00fcr Radiologie in der radiologischen Abteilung. Zwei Jahre sp\u00e4ter \u00fcbernahm der Facharzt f\u00fcr Neurologie die T\u00e4tigkeit als Neurologe im Facharztzentrum im MVZ H\u00fcmmling Hospital S\u00f6gel. Der Facharzt sah seine Aufgabe in einer m\u00f6glichst breit angelegten neurologischen Basisversorgung. \u201eWir bedanken uns ganz herzlich bei Dr. Schulze f\u00fcr die gute Zusammenarbeit, sowohl f\u00fcr die Zeit in der Radiologie als auch in der Neurologie!\u201c, so Thomas Kock, stellv. Gesch\u00e4ftsf\u00fchrer des H\u00fcmmling Hospitals S\u00f6gel. Seit dem 01.10.2022 \u00fcbernimmt nun Herr Edward Gorsselink die T\u00e4tigkeit als Neurologe im Facharztzentrum des MVZs im H\u00fcmmling Hospital S\u00f6gel. Der Facharzt f\u00fcr Neurologie behandelte bislang Patienten mit Multiple Sklerose (MS), Parkinson, Alzheimer, Migr\u00e4ne und weiteren zentralen und neurologischen Krankheitsbildern.<\/p>\n\n\n\n<p>\u201eHerr Gorsselink bietet der Abteilung f\u00fcr Neurologie eine gro\u00dfe Fachexpertise und jahrelange Erfahrung. Wir freuen uns sehr ihn im Facharztzentrum des MVZ H\u00fcmmling Hospital S\u00f6gel willkommen zu hei\u00dfen\u201c, begr\u00fc\u00dft Thomas Kock, stellv. Gesch\u00e4ftsf\u00fchrer, den neuen \u00e4rztlichen Kollegen. Termine k\u00f6nnen in der Sprechstunde von Herrn Gorsselink montags, von 8-12 Uhr, dienstags von 8-14:30, mittwochs von 8-12 Uhr, donnerstags von 8-12 Uhr und jeden zweiten Freitag von 8-12 Uhr \u00fcber die Telefonnummer 05952 209-2888 vereinbart werden.<\/p>\n\n\n\n<p>Text\/Foto: Lina Jasper<\/p>\n\n\n\n<figure class=\"wp-block-image size-large\"><a href=\"https:\/\/www.forum-soegel.de\/information\/wp-content\/uploads\/2022\/12\/Facharztwechsel-in-der-Neurologie-des-MVZ-Si\u2560egel.jpg\"><img loading=\"lazy\" decoding=\"async\" width=\"1024\" height=\"701\" src=\"https:\/\/www.forum-soegel.de\/information\/wp-content\/uploads\/2022\/12\/Facharztwechsel-in-der-Neurologie-des-MVZ-Si\u2560egel-1024x701.jpg\" alt=\"\" class=\"wp-image-33552\" srcset=\"https:\/\/www.forum-soegel.de\/information\/wp-content\/uploads\/2022\/12\/Facharztwechsel-in-der-Neurologie-des-MVZ-Si\u2560egel-1024x701.jpg 1024w, https:\/\/www.forum-soegel.de\/information\/wp-content\/uploads\/2022\/12\/Facharztwechsel-in-der-Neurologie-des-MVZ-Si\u2560egel-300x205.jpg 300w, https:\/\/www.forum-soegel.de\/information\/wp-content\/uploads\/2022\/12\/Facharztwechsel-in-der-Neurologie-des-MVZ-Si\u2560egel-768x526.jpg 768w, https:\/\/www.forum-soegel.de\/information\/wp-content\/uploads\/2022\/12\/Facharztwechsel-in-der-Neurologie-des-MVZ-Si\u2560egel.jpg 1080w\" sizes=\"auto, (max-width: 1024px) 100vw, 1024px\" \/><\/a><figcaption class=\"wp-element-caption\">v.l.: Herr Gorsselink, Facharzt f\u00fcr Neurologie, Frau Gorsselink, Herr Kock, stellvertretender Gesch\u00e4ftsf\u00fchrer.<\/figcaption><\/figure>\n","protected":false},"excerpt":{"rendered":"Herr Edward Gorsselink nimmt als neuer Neurologe seine T\u00e4tigkeit im MVZ H\u00fcmmling Hospital \u2013 Facharztzentrum S\u00f6gel \u2013 auf S\u00f6gel &#8211; Seit dem Jahr 2019 unterst\u00fctzte Dr. med. Eckhard Schulze das H\u00fcmmling Hospital S\u00f6gel als Facharzt f\u00fcr Radiologie in der radiologischen Abteilung. Zwei Jahre sp\u00e4ter \u00fcbernahm der Facharzt f\u00fcr Neurologie die T\u00e4tigkeit als Neurologe im Facharztzentrum [&hellip;]\n","protected":false},"author":2,"featured_media":0,"comment_status":"closed","ping_status":"closed","sticky":false,"template":"","format":"standard","meta":{"ngg_post_thumbnail":0,"footnotes":""},"categories":[25],"tags":[],"class_list":["post-33551","post","type-post","status-publish","format-standard","hentry","category-hauptsache-gesund"],"_links":{"self":[{"href":"https:\/\/www.forum-soegel.de\/information\/wp-json\/wp\/v2\/posts\/33551","targetHints":{"allow":["GET"]}}],"collection":[{"href":"https:\/\/www.forum-soegel.de\/information\/wp-json\/wp\/v2\/posts"}],"about":[{"href":"https:\/\/www.forum-soegel.de\/information\/wp-json\/wp\/v2\/types\/post"}],"author":[{"embeddable":true,"href":"https:\/\/www.forum-soegel.de\/information\/wp-json\/wp\/v2\/users\/2"}],"replies":[{"embeddable":true,"href":"https:\/\/www.forum-soegel.de\/information\/wp-json\/wp\/v2\/comments?post=33551"}],"version-history":[{"count":1,"href":"https:\/\/www.forum-soegel.de\/information\/wp-json\/wp\/v2\/posts\/33551\/revisions"}],"predecessor-version":[{"id":33553,"href":"https:\/\/www.forum-soegel.de\/information\/wp-json\/wp\/v2\/posts\/33551\/revisions\/33553"}],"wp:attachment":[{"href":"https:\/\/www.forum-soegel.de\/information\/wp-json\/wp\/v2\/media?parent=33551"}],"wp:term":[{"taxonomy":"category","embeddable":true,"href":"https:\/\/www.forum-soegel.de\/information\/wp-json\/wp\/v2\/categories?post=33551"},{"taxonomy":"post_tag","embeddable":true,"href":"https:\/\/www.forum-soegel.de\/information\/wp-json\/wp\/v2\/tags?post=33551"}],"curies":[{"name":"wp","href":"https:\/\/api.w.org\/{rel}","templated":true}]}}