{"id":33548,"date":"2022-12-06T15:28:30","date_gmt":"2022-12-06T14:28:30","guid":{"rendered":"https:\/\/www.forum-soegel.de\/information\/?p=33548"},"modified":"2022-12-06T15:28:30","modified_gmt":"2022-12-06T14:28:30","slug":"huemmling-hospital-soegel-wurde-auf-dauer-fuer-vereinbarkeit-von-beruf-und-familie-ausgezeichnet","status":"publish","type":"post","link":"https:\/\/www.forum-soegel.de\/information\/2022\/12\/huemmling-hospital-soegel-wurde-auf-dauer-fuer-vereinbarkeit-von-beruf-und-familie-ausgezeichnet\/","title":{"rendered":"H\u00fcmmling Hospital S\u00f6gel wurde auf Dauer f\u00fcr Vereinbarkeit von Beruf und Familie ausgezeichnet"},"content":{"rendered":"\n<p>S\u00f6gel &#8211; Qualit\u00e4tssiegel der Emsl\u00e4ndischen Stiftung f\u00fcr umfassendes Engagement im H\u00fcmmling Hospital. Das H\u00fcmmling Hospital S\u00f6gel wurde erneut mit dem Qualit\u00e4tssiegel \u201eBeruf und Familie\u201c der Emsl\u00e4ndischen Stiftung ausgezeichnet und geh\u00f6rt somit bundesweit zu den Unternehmen, die besonders nachhaltig Ma\u00dfnahmen einer familienbewussten Personalpolitik erfolgreich gestalten. \u201eAuch wenn der Fachkr\u00e4ftemangel eine gro\u00dfe Herausforderung f\u00fcr uns ist, sind wir stolz darauf, dass wir uns stetig weiterentwickeln\u201c, betonte Astrid Schweer, Leitung Pflege- und Patientenmanagement. \u201eF\u00fcr uns ist ganz klar, dass diese Auszeichnung sehr wertvoll ist, aber es nicht bedeutet, dass es hier stehen bleibt\u201c, erz\u00e4hlte sie weiter. Das Hospital m\u00f6chte in allen Lebensphasen M\u00f6glichkeiten schaffen ein attraktiver Arbeitgeber zu sein, um die Mitarbeiterzufriedenheit zu steigern, Mitarbeiter zu binden und den Nachwuchs zu rekrutieren. Mittels Audits werden stetig vorhandene Angebote und Ma\u00dfnahmen systematisiert, transparent gemacht und zielgerichtet weiterentwickelt sowie \u00fcber ein Zertifikat best\u00e4tigt. Das H\u00fcmmling Hospital bietet den Mitarbeitenden Unterst\u00fctzungsm\u00f6glichkeiten bei der Pflege von Angeh\u00f6rigen, flexible Arbeitszeitmodell sowie Beratungsangebote in kritischen Lebenssituationen. Das sogenannte \u201eAudit Beruf und Familie\u201c der Emsl\u00e4ndischen Stiftung sorgt mit verbindlichen Zielvereinbarungen daf\u00fcr, dass das Familienbewusstsein in der Unternehmenskultur verankert wird. Die praktische Umsetzung wurde bisher regelm\u00e4\u00dfig \u00fcberpr\u00fcft und von nun an ist das H\u00fcmmling Hospital S\u00f6gel auf Dauer zertifiziert worden. \u201eWir sehen es als gro\u00dfes Kompliment an, dass wir dauerhaft zertifiziert worden sind, aber dennoch werden wir weiterhin Interviews mit unseren Mitarbeitenden f\u00fchren, unsere Prozesse \u00fcberpr\u00fcfen sowie Angebote und Ma\u00dfnahmen durch externe Personen schaffen\u201c, erkl\u00e4rt Thomas Kock, stellv. Gesch\u00e4ftsf\u00fchrer.<\/p>\n\n\n\n<p>Text: Lina Jasper<\/p>\n\n\n\n<p>Foto: H\u00fcmmling Hospital S\u00f6gel<\/p>\n\n\n\n<figure class=\"wp-block-image size-full\"><a href=\"https:\/\/www.forum-soegel.de\/information\/wp-content\/uploads\/2022\/12\/HA\u2560emmling-Hospital-Si\u2560egel-wurde-auf-Dauer-fA\u2560er-Vereinbarkeit-von-Beruf-und-Familie-ausgezeichnet.jpg\"><img loading=\"lazy\" decoding=\"async\" width=\"746\" height=\"712\" src=\"https:\/\/www.forum-soegel.de\/information\/wp-content\/uploads\/2022\/12\/HA\u2560emmling-Hospital-Si\u2560egel-wurde-auf-Dauer-fA\u2560er-Vereinbarkeit-von-Beruf-und-Familie-ausgezeichnet.jpg\" alt=\"\" class=\"wp-image-33549\" srcset=\"https:\/\/www.forum-soegel.de\/information\/wp-content\/uploads\/2022\/12\/HA\u2560emmling-Hospital-Si\u2560egel-wurde-auf-Dauer-fA\u2560er-Vereinbarkeit-von-Beruf-und-Familie-ausgezeichnet.jpg 746w, https:\/\/www.forum-soegel.de\/information\/wp-content\/uploads\/2022\/12\/HA\u2560emmling-Hospital-Si\u2560egel-wurde-auf-Dauer-fA\u2560er-Vereinbarkeit-von-Beruf-und-Familie-ausgezeichnet-300x286.jpg 300w\" sizes=\"auto, (max-width: 746px) 100vw, 746px\" \/><\/a><figcaption class=\"wp-element-caption\">v.l.: Nadine Burrichter, Pflege- und Patientenmanagement, Mechtild We\u00dfling, Gesch\u00e4ftsf\u00fchrerin Stiftung Beruf &amp; Familie, Katharina Runte, Stiftung Beruf &amp; Familie,<br>Thomas Kock, stellv. Gesch\u00e4ftsf\u00fchrer<\/figcaption><\/figure>\n","protected":false},"excerpt":{"rendered":"S\u00f6gel &#8211; Qualit\u00e4tssiegel der Emsl\u00e4ndischen Stiftung f\u00fcr umfassendes Engagement im H\u00fcmmling Hospital. Das H\u00fcmmling Hospital S\u00f6gel wurde erneut mit dem Qualit\u00e4tssiegel \u201eBeruf und Familie\u201c der Emsl\u00e4ndischen Stiftung ausgezeichnet und geh\u00f6rt somit bundesweit zu den Unternehmen, die besonders nachhaltig Ma\u00dfnahmen einer familienbewussten Personalpolitik erfolgreich gestalten. \u201eAuch wenn der Fachkr\u00e4ftemangel eine gro\u00dfe Herausforderung f\u00fcr uns ist, sind [&hellip;]\n","protected":false},"author":2,"featured_media":0,"comment_status":"closed","ping_status":"closed","sticky":false,"template":"","format":"standard","meta":{"ngg_post_thumbnail":0,"footnotes":""},"categories":[25],"tags":[],"class_list":["post-33548","post","type-post","status-publish","format-standard","hentry","category-hauptsache-gesund"],"_links":{"self":[{"href":"https:\/\/www.forum-soegel.de\/information\/wp-json\/wp\/v2\/posts\/33548","targetHints":{"allow":["GET"]}}],"collection":[{"href":"https:\/\/www.forum-soegel.de\/information\/wp-json\/wp\/v2\/posts"}],"about":[{"href":"https:\/\/www.forum-soegel.de\/information\/wp-json\/wp\/v2\/types\/post"}],"author":[{"embeddable":true,"href":"https:\/\/www.forum-soegel.de\/information\/wp-json\/wp\/v2\/users\/2"}],"replies":[{"embeddable":true,"href":"https:\/\/www.forum-soegel.de\/information\/wp-json\/wp\/v2\/comments?post=33548"}],"version-history":[{"count":1,"href":"https:\/\/www.forum-soegel.de\/information\/wp-json\/wp\/v2\/posts\/33548\/revisions"}],"predecessor-version":[{"id":33550,"href":"https:\/\/www.forum-soegel.de\/information\/wp-json\/wp\/v2\/posts\/33548\/revisions\/33550"}],"wp:attachment":[{"href":"https:\/\/www.forum-soegel.de\/information\/wp-json\/wp\/v2\/media?parent=33548"}],"wp:term":[{"taxonomy":"category","embeddable":true,"href":"https:\/\/www.forum-soegel.de\/information\/wp-json\/wp\/v2\/categories?post=33548"},{"taxonomy":"post_tag","embeddable":true,"href":"https:\/\/www.forum-soegel.de\/information\/wp-json\/wp\/v2\/tags?post=33548"}],"curies":[{"name":"wp","href":"https:\/\/api.w.org\/{rel}","templated":true}]}}