{"id":33545,"date":"2022-12-06T15:26:43","date_gmt":"2022-12-06T14:26:43","guid":{"rendered":"https:\/\/www.forum-soegel.de\/information\/?p=33545"},"modified":"2022-12-06T15:26:43","modified_gmt":"2022-12-06T14:26:43","slug":"malteser-huemmling-feierte-kursabschluss","status":"publish","type":"post","link":"https:\/\/www.forum-soegel.de\/information\/2022\/12\/malteser-huemmling-feierte-kursabschluss\/","title":{"rendered":"Malteser H\u00fcmmling feierte Kursabschluss"},"content":{"rendered":"\n<p>Pflegediensthelferinnen erhielten ihr Zertifikat<\/p>\n\n\n\n<p>S\u00f6gel &#8211; Einen Kursabschluss f\u00fcr Pflegediensthelferinnen feierte der Malteser H\u00fcmmling: So schloss ein Kurs mit 6 Teilnehmern, der in Halbtagsform lief, in S\u00f6gel ab. Die Dozenten A. Borchers, I.Kruithoff und Elisabeth Menne bereiteten die Teilnehmer gewissenhaft sowohl auf die schriftliche Pr\u00fcfung als auch auf die praktische Pr\u00fcfung vor, so dass alle Teilnehmer und Teilnehmerinnen bestanden. So konnten nun alle Teilnehmer ins Berufsleben verabschiedet werden, bzw. haben schon den beruflichen Einstieg gefunden.<\/p>\n\n\n\n<p>Die Ausbildung zum Pflegediensthelfer umfasst insgesamt 120 Stunden theoretischen Unterricht an vier Tagen pro Woche, sowie ein 80-st\u00fcndiges Praktikum in einer Pflegeeinrichtung. Die Teilnehmer werden zum Beispiel in den Bereichen Aktivierung und Mobilisation von Pflegebed\u00fcrftigen, Umgang mit demenziell ver\u00e4nderten Personen, Hilfe bei der K\u00f6rperpflege und Kleidung sowie Erste Hilfe-Ma\u00dfnahmen geschult und weitergebildet, so dass die Ausbildung eine Basisqualifikation f\u00fcr die Arbeit in Pflegeeinrichtungen darstellt.<\/p>\n\n\n\n<p>Den Absolventen dieses Lehrgangs stehen damit im Pflegebereich vielf\u00e4ltige Einsatzm\u00f6glichkeiten offen, wie Pflegedienste, Senioren- oder Pflegeheime und ambulante Pflege.<\/p>\n\n\n\n<p>Der n\u00e4chste Pflegediensthelfer Kurs startet am 13. Februar 23 in Abendform.<\/p>\n\n\n\n<p>N\u00e4here Informationen zur Ausbildung zum Pflegediensthelfer oder Weiterbildungsangebote sind zu erhalten beim Malteser H\u00fcmmling in S\u00f6gel unter Tel. 05952-94199880<\/p>\n\n\n\n<p>Mo \u2013 Fr, 8 \u2013 13.Uhr<em><\/em><\/p>\n\n\n\n<p>Text\/Foto: Sonja Schulte &#8211;\u00a0de Vries<\/p>\n\n\n\n<figure class=\"wp-block-image size-large\"><a href=\"https:\/\/www.forum-soegel.de\/information\/wp-content\/uploads\/2022\/12\/Malteser-HA\u2560emmling-feierte-Kursabschlu\u252cA-scaled.jpg\"><img loading=\"lazy\" decoding=\"async\" width=\"1024\" height=\"768\" src=\"https:\/\/www.forum-soegel.de\/information\/wp-content\/uploads\/2022\/12\/Malteser-HA\u2560emmling-feierte-Kursabschlu\u252cA-1024x768.jpg\" alt=\"\" class=\"wp-image-33546\" srcset=\"https:\/\/www.forum-soegel.de\/information\/wp-content\/uploads\/2022\/12\/Malteser-HA\u2560emmling-feierte-Kursabschlu\u252cA-1024x768.jpg 1024w, https:\/\/www.forum-soegel.de\/information\/wp-content\/uploads\/2022\/12\/Malteser-HA\u2560emmling-feierte-Kursabschlu\u252cA-300x225.jpg 300w, https:\/\/www.forum-soegel.de\/information\/wp-content\/uploads\/2022\/12\/Malteser-HA\u2560emmling-feierte-Kursabschlu\u252cA-768x576.jpg 768w, https:\/\/www.forum-soegel.de\/information\/wp-content\/uploads\/2022\/12\/Malteser-HA\u2560emmling-feierte-Kursabschlu\u252cA-1536x1152.jpg 1536w, https:\/\/www.forum-soegel.de\/information\/wp-content\/uploads\/2022\/12\/Malteser-HA\u2560emmling-feierte-Kursabschlu\u252cA-2048x1536.jpg 2048w\" sizes=\"auto, (max-width: 1024px) 100vw, 1024px\" \/><\/a><\/figure>\n","protected":false},"excerpt":{"rendered":"Pflegediensthelferinnen erhielten ihr Zertifikat S\u00f6gel &#8211; Einen Kursabschluss f\u00fcr Pflegediensthelferinnen feierte der Malteser H\u00fcmmling: So schloss ein Kurs mit 6 Teilnehmern, der in Halbtagsform lief, in S\u00f6gel ab. Die Dozenten A. Borchers, I.Kruithoff und Elisabeth Menne bereiteten die Teilnehmer gewissenhaft sowohl auf die schriftliche Pr\u00fcfung als auch auf die praktische Pr\u00fcfung vor, so dass alle [&hellip;]\n","protected":false},"author":2,"featured_media":0,"comment_status":"closed","ping_status":"closed","sticky":false,"template":"","format":"standard","meta":{"ngg_post_thumbnail":0,"footnotes":""},"categories":[25],"tags":[],"class_list":["post-33545","post","type-post","status-publish","format-standard","hentry","category-hauptsache-gesund"],"_links":{"self":[{"href":"https:\/\/www.forum-soegel.de\/information\/wp-json\/wp\/v2\/posts\/33545","targetHints":{"allow":["GET"]}}],"collection":[{"href":"https:\/\/www.forum-soegel.de\/information\/wp-json\/wp\/v2\/posts"}],"about":[{"href":"https:\/\/www.forum-soegel.de\/information\/wp-json\/wp\/v2\/types\/post"}],"author":[{"embeddable":true,"href":"https:\/\/www.forum-soegel.de\/information\/wp-json\/wp\/v2\/users\/2"}],"replies":[{"embeddable":true,"href":"https:\/\/www.forum-soegel.de\/information\/wp-json\/wp\/v2\/comments?post=33545"}],"version-history":[{"count":1,"href":"https:\/\/www.forum-soegel.de\/information\/wp-json\/wp\/v2\/posts\/33545\/revisions"}],"predecessor-version":[{"id":33547,"href":"https:\/\/www.forum-soegel.de\/information\/wp-json\/wp\/v2\/posts\/33545\/revisions\/33547"}],"wp:attachment":[{"href":"https:\/\/www.forum-soegel.de\/information\/wp-json\/wp\/v2\/media?parent=33545"}],"wp:term":[{"taxonomy":"category","embeddable":true,"href":"https:\/\/www.forum-soegel.de\/information\/wp-json\/wp\/v2\/categories?post=33545"},{"taxonomy":"post_tag","embeddable":true,"href":"https:\/\/www.forum-soegel.de\/information\/wp-json\/wp\/v2\/tags?post=33545"}],"curies":[{"name":"wp","href":"https:\/\/api.w.org\/{rel}","templated":true}]}}