{"id":33542,"date":"2022-12-06T15:24:52","date_gmt":"2022-12-06T14:24:52","guid":{"rendered":"https:\/\/www.forum-soegel.de\/information\/?p=33542"},"modified":"2022-12-06T15:24:52","modified_gmt":"2022-12-06T14:24:52","slug":"pfarrer-juergen-krallmann-ergaenzt-vorstand-vom-malteser-huemmling","status":"publish","type":"post","link":"https:\/\/www.forum-soegel.de\/information\/2022\/12\/pfarrer-juergen-krallmann-ergaenzt-vorstand-vom-malteser-huemmling\/","title":{"rendered":"Pfarrer J\u00fcrgen Krallmann erg\u00e4nzt Vorstand vom Malteser H\u00fcmmling"},"content":{"rendered":"\n<p>B\u00f6rger &#8211; Im Rahmen der Mitgliederversammlung vom Malteser H\u00fcmmling \u00fcbergab der Di\u00f6zesanleiter Dr. Johann Rotger van Lengerich von der Di\u00f6zesangesch\u00e4ftsstelle Osnabr\u00fcck die Ernennungsurkunde an Pfarrer J\u00fcrgen Krallmann. Damit bekommt der Verein nach der Verabschiedung von Pfarrer Horstmann im Juni 21 wieder einen eigenen Seelsorger an die Seite, der den haupt- und ehrenamtlichen Helferinnen und Helfern vor Ort als christlicher Beistand in der Dienststelle und bei Eins\u00e4tzen zur Seite steht.<\/p>\n\n\n\n<p>Der Di\u00f6zesanleiter bedankte sich bei Pfarrer Krallmann f\u00fcr seine Bereitschaft im Ortsvorstand mitzuwirken und hofft auf viele christliche Impulse in den heutigen schwierigen Zeiten. Der Vorsitzende Olaf Kruithoff musste sich leider krankheitsbedingt entschuldigen lassen. So \u00fcbernahmen Hermann Schmitz als sein Stellvertreter und die Gesch\u00e4ftsf\u00fchrerin Rita Hagenhoff die Leitung der Versammlung. Bei der R\u00fcckschau auf das Jahr 2021 lie\u00df sich erahnen, dass trotz Corona und Lockdown der Verein ein aufregendes Jahr hinter sich hat.<\/p>\n\n\n\n<p>Die Dienste Men\u00fcservice und Hausnotruf entwickelten sich gut. Trotz oder auch wegen der Pandemie wurde diese Dienstleistung vermehrt in Anspruch genommen. \u00dcber 710 Personen waren am Jahresende an dem Hausnotrufsystem der Malteser angeschlossen und \u00fcber 24.000 Mahlzeiten wurden insgesamt im Einzugsgebiet H\u00fcmmling verteilt. Der Fahrdienst, besonders der Bereich Individual- und Krankenbef\u00f6rderung, \u00fcberstand das Tief aus dem Jahr 2020 und konnte erfolgreich auf insgesamt 4300 Kranken- und Individualbef\u00f6rderungen zur\u00fcckschauen. Nach einem holprigen Start ins Jahr 2021, wo keine Erste Hilfe Ausbildungen pandemiebedingt stattfinden durften, erreichten auch die Anzahl der Erste-Hilfe-Kurse wieder Vorjahresniveau. Allein 190 Erste Hilfe &#8211; \u00f6ffentliche Kurse oder in Betrieben &#8211; wurden von der Servicestelle Ausbildung S\u00f6gel und organisiert durchgef\u00fchrt. Der \u201eMobile Einkaufswagen\u201c konnte dann wieder im September 2021 durchstarten. Das 11-k\u00f6pfige Team begleitete an 14 Donnerstagen Senioren- und Seniorinnen beim Einkauf in S\u00f6gel und Umgebung. Ein neuer Dienst wurde im M\u00e4rz 2021 ins Leben gerufen. Die Malteser erhielten die Beauftragung f\u00fcr die B\u00fcrgertestung vom Landkreis Emsland und betrieben ab da ein Schnelltestzentrum, zuerst in der Feuerwehr S\u00f6gel, dann in der Dienststelle. Viele Investitionen und Projekte fasst der Verein ins Auge: Das soziale Kaufhaus wird komplett renoviert, ein \u00fcberdachter Vorplatz ist bereits entstanden und mit der Anschaffung von zwei Fahrradrikschas soll in K\u00fcrze ein neues ehrenamtliches Angebot in S\u00f6gel entstehen. \u201eWir schauen positiv nach vorne. Es liegen viele Aufgaben vor uns,\u201c endete Hagenhoff den T\u00e4tigkeitsbericht. Der Di\u00f6zesanleiter wandte sich zum Schluss an die zahlreich erschienene Helferschaft im Kultur- und Gemeindezentrum B\u00f6rger und bedankte sich auch im Namen der Di\u00f6zesanebene f\u00fcr die geleistete Arbeit und den pers\u00f6nlichen Einsatz eines jeden Einzelnen.<\/p>\n\n\n\n<p>Text\/Foto: Rita Hagenhoff<\/p>\n\n\n\n<figure class=\"wp-block-image size-large\"><a href=\"https:\/\/www.forum-soegel.de\/information\/wp-content\/uploads\/2022\/12\/Pfarrer-JA\u2560ergen-Krallmann-ergN\u2560anzt-Vorstand-vom-Malteser-HA\u2560emmling-scaled.jpg\"><img loading=\"lazy\" decoding=\"async\" width=\"1024\" height=\"652\" src=\"https:\/\/www.forum-soegel.de\/information\/wp-content\/uploads\/2022\/12\/Pfarrer-JA\u2560ergen-Krallmann-ergN\u2560anzt-Vorstand-vom-Malteser-HA\u2560emmling-1024x652.jpg\" alt=\"\" class=\"wp-image-33543\" srcset=\"https:\/\/www.forum-soegel.de\/information\/wp-content\/uploads\/2022\/12\/Pfarrer-JA\u2560ergen-Krallmann-ergN\u2560anzt-Vorstand-vom-Malteser-HA\u2560emmling-1024x652.jpg 1024w, https:\/\/www.forum-soegel.de\/information\/wp-content\/uploads\/2022\/12\/Pfarrer-JA\u2560ergen-Krallmann-ergN\u2560anzt-Vorstand-vom-Malteser-HA\u2560emmling-300x191.jpg 300w, https:\/\/www.forum-soegel.de\/information\/wp-content\/uploads\/2022\/12\/Pfarrer-JA\u2560ergen-Krallmann-ergN\u2560anzt-Vorstand-vom-Malteser-HA\u2560emmling-768x489.jpg 768w, https:\/\/www.forum-soegel.de\/information\/wp-content\/uploads\/2022\/12\/Pfarrer-JA\u2560ergen-Krallmann-ergN\u2560anzt-Vorstand-vom-Malteser-HA\u2560emmling-1536x977.jpg 1536w, https:\/\/www.forum-soegel.de\/information\/wp-content\/uploads\/2022\/12\/Pfarrer-JA\u2560ergen-Krallmann-ergN\u2560anzt-Vorstand-vom-Malteser-HA\u2560emmling-2048x1303.jpg 2048w\" sizes=\"auto, (max-width: 1024px) 100vw, 1024px\" \/><\/a><figcaption class=\"wp-element-caption\">v.l.: stellvertretender Vorsitzende Hermann Schmitz, Gesch\u00e4ftsf\u00fchrerin Rita Hagenhoff, Vorstandsmitglied Anne Heyen, Pfarrer J\u00fcrgen Krallmann, Di\u00f6zesanleiter der Malteser Dr. Johann Rotger van Lengerich<\/figcaption><\/figure>\n","protected":false},"excerpt":{"rendered":"B\u00f6rger &#8211; Im Rahmen der Mitgliederversammlung vom Malteser H\u00fcmmling \u00fcbergab der Di\u00f6zesanleiter Dr. Johann Rotger van Lengerich von der Di\u00f6zesangesch\u00e4ftsstelle Osnabr\u00fcck die Ernennungsurkunde an Pfarrer J\u00fcrgen Krallmann. Damit bekommt der Verein nach der Verabschiedung von Pfarrer Horstmann im Juni 21 wieder einen eigenen Seelsorger an die Seite, der den haupt- und ehrenamtlichen Helferinnen und Helfern [&hellip;]\n","protected":false},"author":2,"featured_media":0,"comment_status":"closed","ping_status":"closed","sticky":false,"template":"","format":"standard","meta":{"ngg_post_thumbnail":0,"footnotes":""},"categories":[25],"tags":[],"class_list":["post-33542","post","type-post","status-publish","format-standard","hentry","category-hauptsache-gesund"],"_links":{"self":[{"href":"https:\/\/www.forum-soegel.de\/information\/wp-json\/wp\/v2\/posts\/33542","targetHints":{"allow":["GET"]}}],"collection":[{"href":"https:\/\/www.forum-soegel.de\/information\/wp-json\/wp\/v2\/posts"}],"about":[{"href":"https:\/\/www.forum-soegel.de\/information\/wp-json\/wp\/v2\/types\/post"}],"author":[{"embeddable":true,"href":"https:\/\/www.forum-soegel.de\/information\/wp-json\/wp\/v2\/users\/2"}],"replies":[{"embeddable":true,"href":"https:\/\/www.forum-soegel.de\/information\/wp-json\/wp\/v2\/comments?post=33542"}],"version-history":[{"count":1,"href":"https:\/\/www.forum-soegel.de\/information\/wp-json\/wp\/v2\/posts\/33542\/revisions"}],"predecessor-version":[{"id":33544,"href":"https:\/\/www.forum-soegel.de\/information\/wp-json\/wp\/v2\/posts\/33542\/revisions\/33544"}],"wp:attachment":[{"href":"https:\/\/www.forum-soegel.de\/information\/wp-json\/wp\/v2\/media?parent=33542"}],"wp:term":[{"taxonomy":"category","embeddable":true,"href":"https:\/\/www.forum-soegel.de\/information\/wp-json\/wp\/v2\/categories?post=33542"},{"taxonomy":"post_tag","embeddable":true,"href":"https:\/\/www.forum-soegel.de\/information\/wp-json\/wp\/v2\/tags?post=33542"}],"curies":[{"name":"wp","href":"https:\/\/api.w.org\/{rel}","templated":true}]}}