{"id":33539,"date":"2022-12-06T15:23:25","date_gmt":"2022-12-06T14:23:25","guid":{"rendered":"https:\/\/www.forum-soegel.de\/information\/?p=33539"},"modified":"2022-12-06T15:23:25","modified_gmt":"2022-12-06T14:23:25","slug":"alternativen-zum-schottergarten-artenreich-und-pflegeleicht","status":"publish","type":"post","link":"https:\/\/www.forum-soegel.de\/information\/2022\/12\/alternativen-zum-schottergarten-artenreich-und-pflegeleicht\/","title":{"rendered":"Alternativen zum \u201eSchottergarten\u201c, artenreich und pflegeleicht"},"content":{"rendered":"<div class=\"wp-block-image\">\n<figure class=\"alignleft size-large is-resized\"><a href=\"https:\/\/www.forum-soegel.de\/information\/wp-content\/uploads\/2022\/12\/Alternativen-zum-Schottergarten-scaled.jpg\"><img loading=\"lazy\" decoding=\"async\" src=\"https:\/\/www.forum-soegel.de\/information\/wp-content\/uploads\/2022\/12\/Alternativen-zum-Schottergarten-576x1024.jpg\" alt=\"\" class=\"wp-image-33540\" width=\"231\" height=\"411\" srcset=\"https:\/\/www.forum-soegel.de\/information\/wp-content\/uploads\/2022\/12\/Alternativen-zum-Schottergarten-576x1024.jpg 576w, https:\/\/www.forum-soegel.de\/information\/wp-content\/uploads\/2022\/12\/Alternativen-zum-Schottergarten-169x300.jpg 169w, https:\/\/www.forum-soegel.de\/information\/wp-content\/uploads\/2022\/12\/Alternativen-zum-Schottergarten-768x1365.jpg 768w, https:\/\/www.forum-soegel.de\/information\/wp-content\/uploads\/2022\/12\/Alternativen-zum-Schottergarten-864x1536.jpg 864w, https:\/\/www.forum-soegel.de\/information\/wp-content\/uploads\/2022\/12\/Alternativen-zum-Schottergarten-1152x2048.jpg 1152w, https:\/\/www.forum-soegel.de\/information\/wp-content\/uploads\/2022\/12\/Alternativen-zum-Schottergarten-scaled.jpg 1440w\" sizes=\"auto, (max-width: 231px) 100vw, 231px\" \/><\/a><\/figure>\n<\/div>\n\n\n<p>S\u00f6gel &#8211; Reges Interesse zeigten B\u00fcrger an der Infoveranstaltung \u201eAlternativen zum Schottergarten, artenreich und pflegeleicht,\u201c die im Rahmen des Leader-Projektes \u201eArtenvielfalt schaffen und bewahren\u201c von der Projektleiterin Maria Dierkes angeboten wurde. Es nahmen B\u00fcrgerinnen und B\u00fcrger aus verschiedenen Gemeinden und unterschiedlichen Altersgruppierungen teil.<\/p>\n\n\n\n<p>Gemeinsam mit den G\u00e4sten stellte sich Dierkes die Frage: \u201eWas kann ich tun, um meinen Garten oder Vorgarten pflegeleicht und wertvoll f\u00fcr Mensch und Natur zu gestalten? Und wie stelle ich mich dabei auf die Herausforderungen des Klimawandels mit Starkregen und Trockenheit ein?\u201c . W\u00e4hrend eines Rundgangs durch die Gemeinde S\u00f6gel, bei dem die Teilnehmer auch untereinander diskutierten und sich austauschten, demonstrierte Dierkes anhand einzelner Stationen auf \u00f6ffentlichen Fl\u00e4chen und auch privaten Vorg\u00e4rten die Besonderheiten von Mischpflanzungen. Sie ging auf Strategien der Pflanze f\u00fcr die Anpassung an Trockenheit ein und informierte \u00fcber besonders geeignete Pflanzen in Zeiten des Klimawandels. Sie erkl\u00e4rte die Vorz\u00fcge des Mulchens sowie die Bedeutung der G\u00e4rten f\u00fcr die Tierwelt. Dierkes: \u201eEtwas Gelassenheit hilft auch dabei, Trockenperioden zu \u00fcberstehen. Schlie\u00dflich ist es nicht so schlimm, wenn es im Ziergarten eine Zeitlang etwas braun aussieht. Mit dem n\u00e4chsten Schauer und den angepassten Pflanzen wird es wieder gr\u00fcn.\u201c Auch die artenreiche Blumenwiese als Wasserspeicher und Lebensraum vieler Insekten und Kleinstlebewesen wurde thematisiert.<\/p>\n\n\n\n<p>Text: Ingrid Cloppenburg<\/p>\n\n\n\n<p>Foto: Ralf Schr\u00f6der<\/p>\n\n\n\n<p><\/p>\n","protected":false},"excerpt":{"rendered":"S\u00f6gel &#8211; Reges Interesse zeigten B\u00fcrger an der Infoveranstaltung \u201eAlternativen zum Schottergarten, artenreich und pflegeleicht,\u201c die im Rahmen des Leader-Projektes \u201eArtenvielfalt schaffen und bewahren\u201c von der Projektleiterin Maria Dierkes angeboten wurde. Es nahmen B\u00fcrgerinnen und B\u00fcrger aus verschiedenen Gemeinden und unterschiedlichen Altersgruppierungen teil. Gemeinsam mit den G\u00e4sten stellte sich Dierkes die Frage: \u201eWas kann ich [&hellip;]\n","protected":false},"author":2,"featured_media":0,"comment_status":"closed","ping_status":"closed","sticky":false,"template":"","format":"standard","meta":{"ngg_post_thumbnail":0,"footnotes":""},"categories":[8],"tags":[],"class_list":["post-33539","post","type-post","status-publish","format-standard","hentry","category-gut-zu-wissen"],"_links":{"self":[{"href":"https:\/\/www.forum-soegel.de\/information\/wp-json\/wp\/v2\/posts\/33539","targetHints":{"allow":["GET"]}}],"collection":[{"href":"https:\/\/www.forum-soegel.de\/information\/wp-json\/wp\/v2\/posts"}],"about":[{"href":"https:\/\/www.forum-soegel.de\/information\/wp-json\/wp\/v2\/types\/post"}],"author":[{"embeddable":true,"href":"https:\/\/www.forum-soegel.de\/information\/wp-json\/wp\/v2\/users\/2"}],"replies":[{"embeddable":true,"href":"https:\/\/www.forum-soegel.de\/information\/wp-json\/wp\/v2\/comments?post=33539"}],"version-history":[{"count":1,"href":"https:\/\/www.forum-soegel.de\/information\/wp-json\/wp\/v2\/posts\/33539\/revisions"}],"predecessor-version":[{"id":33541,"href":"https:\/\/www.forum-soegel.de\/information\/wp-json\/wp\/v2\/posts\/33539\/revisions\/33541"}],"wp:attachment":[{"href":"https:\/\/www.forum-soegel.de\/information\/wp-json\/wp\/v2\/media?parent=33539"}],"wp:term":[{"taxonomy":"category","embeddable":true,"href":"https:\/\/www.forum-soegel.de\/information\/wp-json\/wp\/v2\/categories?post=33539"},{"taxonomy":"post_tag","embeddable":true,"href":"https:\/\/www.forum-soegel.de\/information\/wp-json\/wp\/v2\/tags?post=33539"}],"curies":[{"name":"wp","href":"https:\/\/api.w.org\/{rel}","templated":true}]}}