{"id":33530,"date":"2022-12-06T15:16:29","date_gmt":"2022-12-06T14:16:29","guid":{"rendered":"https:\/\/www.forum-soegel.de\/information\/?p=33530"},"modified":"2022-12-06T15:16:29","modified_gmt":"2022-12-06T14:16:29","slug":"jahreshauptversammlung-des-foerdervereins-der-schule-am-schloss-2","status":"publish","type":"post","link":"https:\/\/www.forum-soegel.de\/information\/2022\/12\/jahreshauptversammlung-des-foerdervereins-der-schule-am-schloss-2\/","title":{"rendered":"Jahreshauptversammlung des F\u00f6rdervereins der Schule am Schloss"},"content":{"rendered":"\n<p>S\u00f6gel &#8211; Auf der diesj\u00e4hrigen Jahreshauptversammlung des F\u00f6rdervereins \u201eFreunde und F\u00f6rderer der Schule am Schloss\u201c standen neben den \u00fcblichen Regularien auch Neuwahlen des Vorstandes auf dem Programm.<\/p>\n\n\n\n<p>Vorsitzender Werner Bruns begr\u00fc\u00dfte die erschienenen Mitglieder und verlas den Rechenschaftsbericht \u00fcber das abgelaufene Kalenderjahr 2021. Aufgrund der noch anhaltenden Corona-Pandemie hatten seinen Worten zufolge in 2021 weder eine Skifreizeit des 8. Jahrgangs noch der Gruppenleiterkurs der Klassen 10 stattfinden k\u00f6nnen. Der F\u00f6rderverein habe jedoch die Schuljahresplaner und das Mittagessen in der Mensa f\u00fcr die neuen Klassen 5 bezuschusst.<\/p>\n\n\n\n<p>Nachdem Kassenwartin Gisela Arling die finanziellen Verh\u00e4ltnisse des Vereins erl\u00e4utert hatte, wurde dem Vereinsvorstand auf Antrag der Kassenpr\u00fcferinnen Birgit Nethe und Anja Schlobinski Entlastung erteilt. Bei den anschlie\u00dfenden Vorstandswahlen wurden Vorsitzender Werner Bruns und Kassenwartin Gisela Arling f\u00fcr weitere vier Jahre in ihren \u00c4mtern best\u00e4tigt. Stellvertretende Vorsitzende bleibt Ute Wester, und zur neuen stellvertretenden Kassenwartin wurde Birgit Nethe gew\u00e4hlt. Nachdem Sandra Gr\u00fcnloh sich f\u00fcr das Amt der Schriftf\u00fchrerin nicht wieder zur Wahl stellte, wurde Irmgard Schlangen-Otten zur neuen Schriftf\u00fchrerin gew\u00e4hlt. Ihre Stellvertreterin bleibt Annette Stemmer.<\/p>\n\n\n\n<p>Den freigewordenen Posten im Team der Beisitzer um Maria Lau, J\u00fcrgen Jansen, Heike Rohe und Claudia Arents \u00fcbernimmt Anja Stevens-Lau. Zu neuen Kassenpr\u00fcferinnen wurden Claudia Grote und Monika Lake gew\u00e4hlt.<\/p>\n\n\n\n<p>Mit etwas Sorge betrachtete Bruns den R\u00fcckgang der Mitgliederzahlen in den letzten zwei Jahren und appellierte an den Vorstand, wieder mehr auf Mitgliederwerbung zu setzen, \u201edenn ohne die Mitgliedsbeitr\u00e4ge (15,00 \u20ac\/pro Jahr) k\u00f6nnen wir die Unterst\u00fctzung der vielf\u00e4ltigen Projekte in dem bisherigen Ma\u00dfe in Zukunft nicht mehr gew\u00e4hrleisten. Und das w\u00e4re sehr schade\u201c.<\/p>\n\n\n\n<p>Bruns k\u00fcndigte ferner an, im n\u00e4chsten Jahr bei dem geplanten Schulfest im Rahmen der Einweihungsfeier der neu angebauten R\u00e4umlichkeiten mit einem Stand des F\u00f6rdervereins vertreten zu sein. Wegen der Corona-Pandemie habe das 15-j\u00e4hrige Bestehen des Vereins (Gr\u00fcndung 2006) nicht gefeiert werden k\u00f6nnen, das solle im n\u00e4chsten Jahr nachgeholt werden.<\/p>\n\n\n\n<p>Neben die ihm inzwischen vorliegenden neuen Antr\u00e4ge auf finanzielle Unterst\u00fctzung verschiedener Projekte stellte Schulleiterin Maria Lau am Schluss der Versammlung einen Antrag auf Bezuschussung der Projekttage mit insgesamt 22 unterschiedlichen Projekten zum Thema \u201eAbenteuer Vielfalt: miteinander- f\u00fcreinander\u201c, der einstimmig genehmigt wurde. Sie sagte: \u201eSchulprojekte dieser Art sind eine gute Gelegenheit f\u00fcr die Sch\u00fcler und Sch\u00fclerinnen, sich au\u00dferhalb des Unterrichts mit spannenden und interessanten Themen auseinandersetzen. Zudem st\u00e4rken sie das Gemeinschaftsgef\u00fchl\u201c.<\/p>\n\n\n\n<p>Lau bedankte sich bei den Mitgliedern des F\u00f6rdervereins f\u00fcr die stets tolle Unterst\u00fctzung bei der Durchf\u00fchrung schulischer Veranstaltungen und bot ihre Unterst\u00fctzung bei der Mitgliederwerbung an.<\/p>\n\n\n\n<p>Text: Gisela Arling<\/p>\n\n\n\n<p>Foto: Anja Schlobinski<\/p>\n\n\n\n<figure class=\"wp-block-image size-large\"><a href=\"https:\/\/www.forum-soegel.de\/information\/wp-content\/uploads\/2022\/12\/Jahreshauptversammlung-des-Fi\u2560erdervereins-der-Schule-am-Schloss-1-scaled.jpg\"><img loading=\"lazy\" decoding=\"async\" width=\"1024\" height=\"565\" src=\"https:\/\/www.forum-soegel.de\/information\/wp-content\/uploads\/2022\/12\/Jahreshauptversammlung-des-Fi\u2560erdervereins-der-Schule-am-Schloss-1-1024x565.jpg\" alt=\"\" class=\"wp-image-33531\" srcset=\"https:\/\/www.forum-soegel.de\/information\/wp-content\/uploads\/2022\/12\/Jahreshauptversammlung-des-Fi\u2560erdervereins-der-Schule-am-Schloss-1-1024x565.jpg 1024w, https:\/\/www.forum-soegel.de\/information\/wp-content\/uploads\/2022\/12\/Jahreshauptversammlung-des-Fi\u2560erdervereins-der-Schule-am-Schloss-1-300x165.jpg 300w, https:\/\/www.forum-soegel.de\/information\/wp-content\/uploads\/2022\/12\/Jahreshauptversammlung-des-Fi\u2560erdervereins-der-Schule-am-Schloss-1-768x424.jpg 768w, https:\/\/www.forum-soegel.de\/information\/wp-content\/uploads\/2022\/12\/Jahreshauptversammlung-des-Fi\u2560erdervereins-der-Schule-am-Schloss-1-1536x847.jpg 1536w, https:\/\/www.forum-soegel.de\/information\/wp-content\/uploads\/2022\/12\/Jahreshauptversammlung-des-Fi\u2560erdervereins-der-Schule-am-Schloss-1-2048x1130.jpg 2048w\" sizes=\"auto, (max-width: 1024px) 100vw, 1024px\" \/><\/a><figcaption class=\"wp-element-caption\">Der alte und neue Vorstand des F\u00f6rdervereins<\/figcaption><\/figure>\n","protected":false},"excerpt":{"rendered":"S\u00f6gel &#8211; Auf der diesj\u00e4hrigen Jahreshauptversammlung des F\u00f6rdervereins \u201eFreunde und F\u00f6rderer der Schule am Schloss\u201c standen neben den \u00fcblichen Regularien auch Neuwahlen des Vorstandes auf dem Programm. Vorsitzender Werner Bruns begr\u00fc\u00dfte die erschienenen Mitglieder und verlas den Rechenschaftsbericht \u00fcber das abgelaufene Kalenderjahr 2021. Aufgrund der noch anhaltenden Corona-Pandemie hatten seinen Worten zufolge in 2021 weder [&hellip;]\n","protected":false},"author":2,"featured_media":0,"comment_status":"closed","ping_status":"closed","sticky":false,"template":"","format":"standard","meta":{"ngg_post_thumbnail":0,"footnotes":""},"categories":[6],"tags":[],"class_list":["post-33530","post","type-post","status-publish","format-standard","hentry","category-aus-der-schule-geplaudert"],"_links":{"self":[{"href":"https:\/\/www.forum-soegel.de\/information\/wp-json\/wp\/v2\/posts\/33530","targetHints":{"allow":["GET"]}}],"collection":[{"href":"https:\/\/www.forum-soegel.de\/information\/wp-json\/wp\/v2\/posts"}],"about":[{"href":"https:\/\/www.forum-soegel.de\/information\/wp-json\/wp\/v2\/types\/post"}],"author":[{"embeddable":true,"href":"https:\/\/www.forum-soegel.de\/information\/wp-json\/wp\/v2\/users\/2"}],"replies":[{"embeddable":true,"href":"https:\/\/www.forum-soegel.de\/information\/wp-json\/wp\/v2\/comments?post=33530"}],"version-history":[{"count":1,"href":"https:\/\/www.forum-soegel.de\/information\/wp-json\/wp\/v2\/posts\/33530\/revisions"}],"predecessor-version":[{"id":33532,"href":"https:\/\/www.forum-soegel.de\/information\/wp-json\/wp\/v2\/posts\/33530\/revisions\/33532"}],"wp:attachment":[{"href":"https:\/\/www.forum-soegel.de\/information\/wp-json\/wp\/v2\/media?parent=33530"}],"wp:term":[{"taxonomy":"category","embeddable":true,"href":"https:\/\/www.forum-soegel.de\/information\/wp-json\/wp\/v2\/categories?post=33530"},{"taxonomy":"post_tag","embeddable":true,"href":"https:\/\/www.forum-soegel.de\/information\/wp-json\/wp\/v2\/tags?post=33530"}],"curies":[{"name":"wp","href":"https:\/\/api.w.org\/{rel}","templated":true}]}}