{"id":33511,"date":"2022-12-06T15:10:55","date_gmt":"2022-12-06T14:10:55","guid":{"rendered":"https:\/\/www.forum-soegel.de\/information\/?p=33511"},"modified":"2022-12-06T15:10:55","modified_gmt":"2022-12-06T14:10:55","slug":"besuch-der-werlter-muehle-2","status":"publish","type":"post","link":"https:\/\/www.forum-soegel.de\/information\/2022\/12\/besuch-der-werlter-muehle-2\/","title":{"rendered":"Besuch der Werlter M\u00fchle"},"content":{"rendered":"\n<p>Spahnharrenst\u00e4tte &#8211; Die 3. Klasse besuchte mit ihrer Lehrerin Frau Konen die Kreutzmanns M\u00fchle in Werlte. Nach einer kurzen Diashow, die interessante Einblicke in den Wiederaufbau der M\u00fchle zeigte, wurden die einzelnen Stockwerke der M\u00fchle besichtigt. Die Sch\u00fcler bekamen nicht nur viele Informationen \u00fcber die Arbeitsg\u00e4nge w\u00e4hrend eines Mahlvorganges. Sie entdeckten auch eine gro\u00dfe Anzahl an Arbeitsger\u00e4ten, die man fr\u00fcher f\u00fcr die Getreideernte benutzte. Viele Gegenst\u00e4nde erkannten sie wieder, weil sie bereits im Sachunterricht behandelt worden waren. Besonders beeindruckt waren die Kinder von der Galerie, auf die sich alle trauten. Anschlie\u00dfend ging es ins Backhaus, wo sehr anschaulich erkl\u00e4rt wurde, wie man dort Brot backt. Zum Schluss gab es noch einen kurzen Besuch des Heimathauses, in dem viele historische Gegenst\u00e4nde ausgestellt sind. Dieser Vormittag war ein gelungener Abschluss des Themas \u201eGetreide\u201c im Sachunterricht.<\/p>\n\n\n\n<p>Text\/Foto: Grundschule Spahnharrenst\u00e4tte<\/p>\n\n\n\n<p>(Pia Raker)<\/p>\n\n\n\n<figure class=\"wp-block-gallery has-nested-images columns-2 is-cropped wp-block-gallery-1 is-layout-flex wp-block-gallery-is-layout-flex\">\n<figure class=\"wp-block-image size-large\"><a href=\"https:\/\/www.forum-soegel.de\/information\/wp-content\/uploads\/2022\/12\/Besuch-der-Werlter-MA\u2560ehle-3.jpg\"><img loading=\"lazy\" decoding=\"async\" width=\"768\" height=\"1024\" data-id=\"33512\" src=\"https:\/\/www.forum-soegel.de\/information\/wp-content\/uploads\/2022\/12\/Besuch-der-Werlter-MA\u2560ehle-3-768x1024.jpg\" alt=\"\" class=\"wp-image-33512\" srcset=\"https:\/\/www.forum-soegel.de\/information\/wp-content\/uploads\/2022\/12\/Besuch-der-Werlter-MA\u2560ehle-3-768x1024.jpg 768w, https:\/\/www.forum-soegel.de\/information\/wp-content\/uploads\/2022\/12\/Besuch-der-Werlter-MA\u2560ehle-3-225x300.jpg 225w, https:\/\/www.forum-soegel.de\/information\/wp-content\/uploads\/2022\/12\/Besuch-der-Werlter-MA\u2560ehle-3-1152x1536.jpg 1152w, https:\/\/www.forum-soegel.de\/information\/wp-content\/uploads\/2022\/12\/Besuch-der-Werlter-MA\u2560ehle-3.jpg 1536w\" sizes=\"auto, (max-width: 768px) 100vw, 768px\" \/><\/a><\/figure>\n\n\n\n<figure class=\"wp-block-image size-large\"><a href=\"https:\/\/www.forum-soegel.de\/information\/wp-content\/uploads\/2022\/12\/Besuch-der-Werlter-MA\u2560ehle-1.jpg\"><img loading=\"lazy\" decoding=\"async\" width=\"768\" height=\"1024\" data-id=\"33514\" src=\"https:\/\/www.forum-soegel.de\/information\/wp-content\/uploads\/2022\/12\/Besuch-der-Werlter-MA\u2560ehle-1-768x1024.jpg\" alt=\"\" class=\"wp-image-33514\" srcset=\"https:\/\/www.forum-soegel.de\/information\/wp-content\/uploads\/2022\/12\/Besuch-der-Werlter-MA\u2560ehle-1-768x1024.jpg 768w, https:\/\/www.forum-soegel.de\/information\/wp-content\/uploads\/2022\/12\/Besuch-der-Werlter-MA\u2560ehle-1-225x300.jpg 225w, https:\/\/www.forum-soegel.de\/information\/wp-content\/uploads\/2022\/12\/Besuch-der-Werlter-MA\u2560ehle-1-1152x1536.jpg 1152w, https:\/\/www.forum-soegel.de\/information\/wp-content\/uploads\/2022\/12\/Besuch-der-Werlter-MA\u2560ehle-1.jpg 1536w\" sizes=\"auto, (max-width: 768px) 100vw, 768px\" \/><\/a><\/figure>\n\n\n\n<figure class=\"wp-block-image size-large\"><a href=\"https:\/\/www.forum-soegel.de\/information\/wp-content\/uploads\/2022\/12\/Besuch-der-Werlter-MA\u2560ehle-2.jpg\"><img loading=\"lazy\" decoding=\"async\" width=\"768\" height=\"1024\" data-id=\"33513\" src=\"https:\/\/www.forum-soegel.de\/information\/wp-content\/uploads\/2022\/12\/Besuch-der-Werlter-MA\u2560ehle-2-768x1024.jpg\" alt=\"\" class=\"wp-image-33513\" srcset=\"https:\/\/www.forum-soegel.de\/information\/wp-content\/uploads\/2022\/12\/Besuch-der-Werlter-MA\u2560ehle-2-768x1024.jpg 768w, https:\/\/www.forum-soegel.de\/information\/wp-content\/uploads\/2022\/12\/Besuch-der-Werlter-MA\u2560ehle-2-225x300.jpg 225w, https:\/\/www.forum-soegel.de\/information\/wp-content\/uploads\/2022\/12\/Besuch-der-Werlter-MA\u2560ehle-2-1152x1536.jpg 1152w, https:\/\/www.forum-soegel.de\/information\/wp-content\/uploads\/2022\/12\/Besuch-der-Werlter-MA\u2560ehle-2.jpg 1536w\" sizes=\"auto, (max-width: 768px) 100vw, 768px\" \/><\/a><\/figure>\n<\/figure>\n","protected":false},"excerpt":{"rendered":"Spahnharrenst\u00e4tte &#8211; Die 3. Klasse besuchte mit ihrer Lehrerin Frau Konen die Kreutzmanns M\u00fchle in Werlte. Nach einer kurzen Diashow, die interessante Einblicke in den Wiederaufbau der M\u00fchle zeigte, wurden die einzelnen Stockwerke der M\u00fchle besichtigt. Die Sch\u00fcler bekamen nicht nur viele Informationen \u00fcber die Arbeitsg\u00e4nge w\u00e4hrend eines Mahlvorganges. Sie entdeckten auch eine gro\u00dfe Anzahl [&hellip;]\n","protected":false},"author":2,"featured_media":0,"comment_status":"closed","ping_status":"closed","sticky":false,"template":"","format":"standard","meta":{"ngg_post_thumbnail":0,"footnotes":""},"categories":[6],"tags":[],"class_list":["post-33511","post","type-post","status-publish","format-standard","hentry","category-aus-der-schule-geplaudert"],"_links":{"self":[{"href":"https:\/\/www.forum-soegel.de\/information\/wp-json\/wp\/v2\/posts\/33511","targetHints":{"allow":["GET"]}}],"collection":[{"href":"https:\/\/www.forum-soegel.de\/information\/wp-json\/wp\/v2\/posts"}],"about":[{"href":"https:\/\/www.forum-soegel.de\/information\/wp-json\/wp\/v2\/types\/post"}],"author":[{"embeddable":true,"href":"https:\/\/www.forum-soegel.de\/information\/wp-json\/wp\/v2\/users\/2"}],"replies":[{"embeddable":true,"href":"https:\/\/www.forum-soegel.de\/information\/wp-json\/wp\/v2\/comments?post=33511"}],"version-history":[{"count":1,"href":"https:\/\/www.forum-soegel.de\/information\/wp-json\/wp\/v2\/posts\/33511\/revisions"}],"predecessor-version":[{"id":33515,"href":"https:\/\/www.forum-soegel.de\/information\/wp-json\/wp\/v2\/posts\/33511\/revisions\/33515"}],"wp:attachment":[{"href":"https:\/\/www.forum-soegel.de\/information\/wp-json\/wp\/v2\/media?parent=33511"}],"wp:term":[{"taxonomy":"category","embeddable":true,"href":"https:\/\/www.forum-soegel.de\/information\/wp-json\/wp\/v2\/categories?post=33511"},{"taxonomy":"post_tag","embeddable":true,"href":"https:\/\/www.forum-soegel.de\/information\/wp-json\/wp\/v2\/tags?post=33511"}],"curies":[{"name":"wp","href":"https:\/\/api.w.org\/{rel}","templated":true}]}}