{"id":33508,"date":"2022-12-06T15:09:21","date_gmt":"2022-12-06T14:09:21","guid":{"rendered":"https:\/\/www.forum-soegel.de\/information\/?p=33508"},"modified":"2022-12-06T15:09:21","modified_gmt":"2022-12-06T14:09:21","slug":"schloss-clemenswerth-startet-kooperation-mit-grundschulen-lahn-und-wehm","status":"publish","type":"post","link":"https:\/\/www.forum-soegel.de\/information\/2022\/12\/schloss-clemenswerth-startet-kooperation-mit-grundschulen-lahn-und-wehm\/","title":{"rendered":"Schloss Clemenswerth startet Kooperation mit Grundschulen Lahn und Wehm"},"content":{"rendered":"\n<p>S\u00f6gel &#8211; Das Emslandmuseum Schloss Clemenswerth lebendig erkunden, dies k\u00f6nnen 25 Grundschulkinder seit Ende August. Die Jungen und M\u00e4dchen der Grundschulen Lahn und Wehm kommen einmal die Woche zur Schloss-AG nach S\u00f6gel. Erm\u00f6glicht wird das durch die Kooperationsvereinbarung, die das Museum mit den beiden Grundschulen zu Anfang des Schuljahres besiegelt hat. \u00dcber die Zusammenarbeit freut sich Museumsdirektor Oliver Fok gemeinsam mit den beiden Schulleiterinnen Carola Gerdes (Wehm) und Helga Hanekamp (Lahn). Fok sagt: \u201eDie Vereinbarung ist eine Win-Win-Situation f\u00fcr alle. Und wir kommen damit unserem Bildungsauftrag nach.\u201c<\/p>\n\n\n\n<p>Mit den Lehrangeboten der Ganztagsschule bieten die Schulen ihren Kindern ein reiches Programm an verschiedenen Aktionen. Dazu geh\u00f6rt nun auch die Schloss-AG auf Schloss Clemenswerth. Unter der museumsp\u00e4dagogischen Leitung von Miriam Heidemann, Mitarbeiterin am Emslandmuseum, lernen die Kinder die Schlossanlage spielerisch kennen. Dabei erfahren sie, wie das Leben auf Schloss Clemenswerth vor gut 280 Jahren unter dem Bauherrn Kurf\u00fcrst Clemens August aussah. Bis zum Ende des Schulhalbjahres werden sie an insgesamt 18 Terminen noch viele verborgene Orte erkunden k\u00f6nnen. Mit Bastelprogrammen d\u00fcrfen die Sch\u00fclerinnen und Sch\u00fcler auch selbst kreativ werden.<\/p>\n\n\n\n<p>Mit der Zusammenarbeit baut das Emslandmuseum Schloss Clemenswerth seine Kooperationen um zwei weitere Partner aus. Gleichzeitig bietet sie den Schulen die M\u00f6glichkeit, ihr Nachmittagsangebot um einen au\u00dferschulischen Bereich zu erg\u00e4nzen. Seit 2009 erweitert das Emslandmuseum sein Bildungsnetzwerk stetig. Mit Wehm und Lahn nehmen nun zehn Schulen und f\u00fcnf Kinderg\u00e4rten der Region mittlerweile das vielf\u00e4ltige Programm der Museumsp\u00e4dagogik auf Schloss Clemenswerth regelm\u00e4\u00dfig wahr. \u201eDie Kooperationen sind ein effektives Werkzeug um unseren im Leitbild verankerten Zielen nachzukommen, n\u00e4mlich der Vermittlung des Zeitalters des Barocks an alle Alters- und Zielgruppen. Insbesondere die Arbeit mit Kindern nimmt dabei eine zentrale Rolle ein\u201c, so die leitende Museumsp\u00e4-dagogin Ramona Krons.<\/p>\n\n\n\n<p>Text\/Foto: Miriam Heidemann<\/p>\n\n\n\n<figure class=\"wp-block-image size-large\"><a href=\"https:\/\/www.forum-soegel.de\/information\/wp-content\/uploads\/2022\/12\/Schloss-Clemenswerth-startet-Kooperation--scaled.jpg\"><img loading=\"lazy\" decoding=\"async\" width=\"1024\" height=\"740\" src=\"https:\/\/www.forum-soegel.de\/information\/wp-content\/uploads\/2022\/12\/Schloss-Clemenswerth-startet-Kooperation--1024x740.jpg\" alt=\"\" class=\"wp-image-33509\" srcset=\"https:\/\/www.forum-soegel.de\/information\/wp-content\/uploads\/2022\/12\/Schloss-Clemenswerth-startet-Kooperation--1024x740.jpg 1024w, https:\/\/www.forum-soegel.de\/information\/wp-content\/uploads\/2022\/12\/Schloss-Clemenswerth-startet-Kooperation--300x217.jpg 300w, https:\/\/www.forum-soegel.de\/information\/wp-content\/uploads\/2022\/12\/Schloss-Clemenswerth-startet-Kooperation--768x555.jpg 768w, https:\/\/www.forum-soegel.de\/information\/wp-content\/uploads\/2022\/12\/Schloss-Clemenswerth-startet-Kooperation--1536x1110.jpg 1536w, https:\/\/www.forum-soegel.de\/information\/wp-content\/uploads\/2022\/12\/Schloss-Clemenswerth-startet-Kooperation--2048x1479.jpg 2048w\" sizes=\"auto, (max-width: 1024px) 100vw, 1024px\" \/><\/a><\/figure>\n","protected":false},"excerpt":{"rendered":"S\u00f6gel &#8211; Das Emslandmuseum Schloss Clemenswerth lebendig erkunden, dies k\u00f6nnen 25 Grundschulkinder seit Ende August. Die Jungen und M\u00e4dchen der Grundschulen Lahn und Wehm kommen einmal die Woche zur Schloss-AG nach S\u00f6gel. Erm\u00f6glicht wird das durch die Kooperationsvereinbarung, die das Museum mit den beiden Grundschulen zu Anfang des Schuljahres besiegelt hat. \u00dcber die Zusammenarbeit freut [&hellip;]\n","protected":false},"author":2,"featured_media":0,"comment_status":"closed","ping_status":"closed","sticky":false,"template":"","format":"standard","meta":{"ngg_post_thumbnail":0,"footnotes":""},"categories":[6],"tags":[],"class_list":["post-33508","post","type-post","status-publish","format-standard","hentry","category-aus-der-schule-geplaudert"],"_links":{"self":[{"href":"https:\/\/www.forum-soegel.de\/information\/wp-json\/wp\/v2\/posts\/33508","targetHints":{"allow":["GET"]}}],"collection":[{"href":"https:\/\/www.forum-soegel.de\/information\/wp-json\/wp\/v2\/posts"}],"about":[{"href":"https:\/\/www.forum-soegel.de\/information\/wp-json\/wp\/v2\/types\/post"}],"author":[{"embeddable":true,"href":"https:\/\/www.forum-soegel.de\/information\/wp-json\/wp\/v2\/users\/2"}],"replies":[{"embeddable":true,"href":"https:\/\/www.forum-soegel.de\/information\/wp-json\/wp\/v2\/comments?post=33508"}],"version-history":[{"count":1,"href":"https:\/\/www.forum-soegel.de\/information\/wp-json\/wp\/v2\/posts\/33508\/revisions"}],"predecessor-version":[{"id":33510,"href":"https:\/\/www.forum-soegel.de\/information\/wp-json\/wp\/v2\/posts\/33508\/revisions\/33510"}],"wp:attachment":[{"href":"https:\/\/www.forum-soegel.de\/information\/wp-json\/wp\/v2\/media?parent=33508"}],"wp:term":[{"taxonomy":"category","embeddable":true,"href":"https:\/\/www.forum-soegel.de\/information\/wp-json\/wp\/v2\/categories?post=33508"},{"taxonomy":"post_tag","embeddable":true,"href":"https:\/\/www.forum-soegel.de\/information\/wp-json\/wp\/v2\/tags?post=33508"}],"curies":[{"name":"wp","href":"https:\/\/api.w.org\/{rel}","templated":true}]}}