{"id":33505,"date":"2022-12-06T15:07:30","date_gmt":"2022-12-06T14:07:30","guid":{"rendered":"https:\/\/www.forum-soegel.de\/information\/?p=33505"},"modified":"2022-12-06T15:07:30","modified_gmt":"2022-12-06T14:07:30","slug":"warnwesten-fuer-unsere-erstklaessler","status":"publish","type":"post","link":"https:\/\/www.forum-soegel.de\/information\/2022\/12\/warnwesten-fuer-unsere-erstklaessler\/","title":{"rendered":"Warnwesten f\u00fcr unsere Erstkl\u00e4ssler"},"content":{"rendered":"\n<p>Spahnharrenst\u00e4tte &#8211; Die Firma K\u00fcnnen besuchte uns mit einem Abschleppwagen in der Schule und \u00fcberreichte jedem Erstkl\u00e4ssler eine tolle Warnweste, die uns sicher durch die dunkle Jahreszeit bringen soll. Wir freuen uns und bedanken uns bei der Firma K\u00fcnnen ganz herzlich f\u00fcr die gelungene \u00dcberraschung.<\/p>\n\n\n\n<p>Text\/Foto: Grundschule Spahnharrenst\u00e4tte<\/p>\n\n\n\n<p>(Pia Raker)<\/p>\n\n\n\n<figure class=\"wp-block-image size-full\"><a href=\"https:\/\/www.forum-soegel.de\/information\/wp-content\/uploads\/2022\/12\/Warnwesten-fA\u2560er-unsere-ErstklN\u2560assler.jpg\"><img loading=\"lazy\" decoding=\"async\" width=\"800\" height=\"600\" src=\"https:\/\/www.forum-soegel.de\/information\/wp-content\/uploads\/2022\/12\/Warnwesten-fA\u2560er-unsere-ErstklN\u2560assler.jpg\" alt=\"\" class=\"wp-image-33506\" srcset=\"https:\/\/www.forum-soegel.de\/information\/wp-content\/uploads\/2022\/12\/Warnwesten-fA\u2560er-unsere-ErstklN\u2560assler.jpg 800w, https:\/\/www.forum-soegel.de\/information\/wp-content\/uploads\/2022\/12\/Warnwesten-fA\u2560er-unsere-ErstklN\u2560assler-300x225.jpg 300w, https:\/\/www.forum-soegel.de\/information\/wp-content\/uploads\/2022\/12\/Warnwesten-fA\u2560er-unsere-ErstklN\u2560assler-768x576.jpg 768w\" sizes=\"auto, (max-width: 800px) 100vw, 800px\" \/><\/a><\/figure>\n","protected":false},"excerpt":{"rendered":"Spahnharrenst\u00e4tte &#8211; Die Firma K\u00fcnnen besuchte uns mit einem Abschleppwagen in der Schule und \u00fcberreichte jedem Erstkl\u00e4ssler eine tolle Warnweste, die uns sicher durch die dunkle Jahreszeit bringen soll. Wir freuen uns und bedanken uns bei der Firma K\u00fcnnen ganz herzlich f\u00fcr die gelungene \u00dcberraschung. Text\/Foto: Grundschule Spahnharrenst\u00e4tte (Pia Raker)\n","protected":false},"author":2,"featured_media":0,"comment_status":"closed","ping_status":"closed","sticky":false,"template":"","format":"standard","meta":{"ngg_post_thumbnail":0,"footnotes":""},"categories":[6],"tags":[],"class_list":["post-33505","post","type-post","status-publish","format-standard","hentry","category-aus-der-schule-geplaudert"],"_links":{"self":[{"href":"https:\/\/www.forum-soegel.de\/information\/wp-json\/wp\/v2\/posts\/33505","targetHints":{"allow":["GET"]}}],"collection":[{"href":"https:\/\/www.forum-soegel.de\/information\/wp-json\/wp\/v2\/posts"}],"about":[{"href":"https:\/\/www.forum-soegel.de\/information\/wp-json\/wp\/v2\/types\/post"}],"author":[{"embeddable":true,"href":"https:\/\/www.forum-soegel.de\/information\/wp-json\/wp\/v2\/users\/2"}],"replies":[{"embeddable":true,"href":"https:\/\/www.forum-soegel.de\/information\/wp-json\/wp\/v2\/comments?post=33505"}],"version-history":[{"count":1,"href":"https:\/\/www.forum-soegel.de\/information\/wp-json\/wp\/v2\/posts\/33505\/revisions"}],"predecessor-version":[{"id":33507,"href":"https:\/\/www.forum-soegel.de\/information\/wp-json\/wp\/v2\/posts\/33505\/revisions\/33507"}],"wp:attachment":[{"href":"https:\/\/www.forum-soegel.de\/information\/wp-json\/wp\/v2\/media?parent=33505"}],"wp:term":[{"taxonomy":"category","embeddable":true,"href":"https:\/\/www.forum-soegel.de\/information\/wp-json\/wp\/v2\/categories?post=33505"},{"taxonomy":"post_tag","embeddable":true,"href":"https:\/\/www.forum-soegel.de\/information\/wp-json\/wp\/v2\/tags?post=33505"}],"curies":[{"name":"wp","href":"https:\/\/api.w.org\/{rel}","templated":true}]}}