{"id":3344,"date":"2010-10-01T09:45:12","date_gmt":"2010-10-01T07:45:12","guid":{"rendered":"https:\/\/www.forum-soegel.de\/information\/?p=3344"},"modified":"2010-10-01T15:38:49","modified_gmt":"2010-10-01T13:38:49","slug":"diakon-michael-musolf-informiert-kfd-frauen-uber-%e2%80%9ehummlinger-tafel%e2%80%9c","status":"publish","type":"post","link":"https:\/\/www.forum-soegel.de\/information\/2010\/10\/diakon-michael-musolf-informiert-kfd-frauen-uber-%e2%80%9ehummlinger-tafel%e2%80%9c\/","title":{"rendered":"Diakon Michael Musolf informiert kfd Frauen \u00fcber \u201eH\u00fcmmlinger Tafel\u201c"},"content":{"rendered":"<p>Zu ihrer Mitarbeiterinnenrunde im August haben\u00a0 kfd-Frauen Diakon Michael Musolf eingeladen, der \u00fcber die \u201eH\u00fcmmlinger Tafel\u201c berichtete.<\/p>\n<p>\u00a0\u201eDie Tafel will Menschen helfen, eine schwierige Zeit zu \u00fcberbr\u00fccken. Menschen, die ein geringes Einkommen haben \u00a0&#8211; nachzuweisen durch: Harz IV-Bescheid, SGB-II-Bescheid, Rentenbescheid etc.- \u00a0, werden in den Verteilkreis aufgenommen. Nach Vorlage der entsprechenden Bescheinigung erhalten sie einen Ausweis und k\u00f6nnen dann einmal pro Woche an einem festen Tag Nahrungsmittel abholen.\u201c, so Musolf. \u00a0<\/p>\n<p>In S\u00f6gel befand sich bis vor kurzem die Verteilstelle im alten Feuerwehrhaus- jetzt\u00a0 Malteser Hilfsdienst- und war jeweils am Donnerstag ge\u00f6ffnet. \u00a0Da es dort keine ausreichenden K\u00fchlm\u00f6glichkeiten gibt, zieht die Verteilstelle S\u00f6gel in absehbarer Zeit in ein anderes Geb\u00e4ude, das zum Teil jedoch noch renoviert werden muss. Im Oktober soll die Verteilstelle in S\u00f6gel wieder ge\u00f6ffnet sein.<\/p>\n<p>Ziel der Tafel sei es, qualitativ einwandfreie Nahrungsmittel, die im Wirtschaftsprozess nicht mehr verwendet werden k\u00f6nnen, an Bed\u00fcrftige zu verteilen.<\/p>\n<p>Die Lebensmittel w\u00fcrden dabei von vielen ehrenamtlichen Helfern bei B\u00e4ckereien, Gem\u00fcseh\u00e4ndlern, Superm\u00e4rkten und Lebensmittelherstellern abgeholt und zu den Verteilstationen transportiert werden, erkl\u00e4rte Musolf den interessierten Frauen. Er legte ihnen zum Schluss noch ans Herz: \u201cOhne Engagement von au\u00dfen ist die Tafel nicht denkbar.<\/p>\n<p>Wir brauchen noch ehrenamtliche Helferinnen und Helfer \u00a0zum Auspacken und Verpacken der Lebensmittel f\u00fcr einen Tag\/pro Woche f\u00fcr ca. 2 Stunden und \u00a0sind f\u00fcr jede Art von Hilfe dankbar. Wenn jemand Interesse hat oder jemanden wei\u00df, der daf\u00fcr wohl geeignet sein k\u00f6nnte,\u00a0 m\u00f6chte sich \u00a0bitte \u00a0mit mir in Verbindung setzen\u201c.<\/p>\n<p>Die Frauen bedankten sich bei Herrn Musolf mit einer Spende von 150,00 \u20ac f\u00fcr die Renovierung der neuen R\u00e4umlichkeiten.<\/p>\n<p>Text\/Foto: Gisela Arling<\/p>\n<p><a href=\"https:\/\/www.forum-soegel.de\/information\/wp-content\/uploads\/2010\/10\/Diakon-informiert.jpg\"><img loading=\"lazy\" decoding=\"async\" class=\"alignnone size-medium wp-image-3409\" title=\"Diakon informiert\" src=\"https:\/\/www.forum-soegel.de\/information\/wp-content\/uploads\/2010\/10\/Diakon-informiert-262x300.jpg\" alt=\"\" width=\"262\" height=\"300\" srcset=\"https:\/\/www.forum-soegel.de\/information\/wp-content\/uploads\/2010\/10\/Diakon-informiert-262x300.jpg 262w, https:\/\/www.forum-soegel.de\/information\/wp-content\/uploads\/2010\/10\/Diakon-informiert.jpg 673w\" sizes=\"auto, (max-width: 262px) 100vw, 262px\" \/><\/a><\/p>\n","protected":false},"excerpt":{"rendered":"Zu ihrer Mitarbeiterinnenrunde im August haben\u00a0 kfd-Frauen Diakon Michael Musolf eingeladen, der \u00fcber die \u201eH\u00fcmmlinger Tafel\u201c berichtete. \u00a0\u201eDie Tafel will Menschen helfen, eine schwierige Zeit zu \u00fcberbr\u00fccken. Menschen, die ein geringes Einkommen haben \u00a0&#8211; nachzuweisen durch: Harz IV-Bescheid, SGB-II-Bescheid, Rentenbescheid etc.- \u00a0, werden in den Verteilkreis aufgenommen. Nach Vorlage der entsprechenden Bescheinigung erhalten sie einen [&hellip;]\n","protected":false},"author":2,"featured_media":0,"comment_status":"closed","ping_status":"closed","sticky":false,"template":"","format":"standard","meta":{"ngg_post_thumbnail":0,"footnotes":""},"categories":[3],"tags":[],"class_list":["post-3344","post","type-post","status-publish","format-standard","hentry","category-aktuelles-aus-der-region"],"_links":{"self":[{"href":"https:\/\/www.forum-soegel.de\/information\/wp-json\/wp\/v2\/posts\/3344","targetHints":{"allow":["GET"]}}],"collection":[{"href":"https:\/\/www.forum-soegel.de\/information\/wp-json\/wp\/v2\/posts"}],"about":[{"href":"https:\/\/www.forum-soegel.de\/information\/wp-json\/wp\/v2\/types\/post"}],"author":[{"embeddable":true,"href":"https:\/\/www.forum-soegel.de\/information\/wp-json\/wp\/v2\/users\/2"}],"replies":[{"embeddable":true,"href":"https:\/\/www.forum-soegel.de\/information\/wp-json\/wp\/v2\/comments?post=3344"}],"version-history":[{"count":5,"href":"https:\/\/www.forum-soegel.de\/information\/wp-json\/wp\/v2\/posts\/3344\/revisions"}],"predecessor-version":[{"id":3411,"href":"https:\/\/www.forum-soegel.de\/information\/wp-json\/wp\/v2\/posts\/3344\/revisions\/3411"}],"wp:attachment":[{"href":"https:\/\/www.forum-soegel.de\/information\/wp-json\/wp\/v2\/media?parent=3344"}],"wp:term":[{"taxonomy":"category","embeddable":true,"href":"https:\/\/www.forum-soegel.de\/information\/wp-json\/wp\/v2\/categories?post=3344"},{"taxonomy":"post_tag","embeddable":true,"href":"https:\/\/www.forum-soegel.de\/information\/wp-json\/wp\/v2\/tags?post=3344"}],"curies":[{"name":"wp","href":"https:\/\/api.w.org\/{rel}","templated":true}]}}