{"id":33340,"date":"2022-11-07T14:49:20","date_gmt":"2022-11-07T13:49:20","guid":{"rendered":"https:\/\/www.forum-soegel.de\/information\/?p=33340"},"modified":"2022-11-07T14:49:20","modified_gmt":"2022-11-07T13:49:20","slug":"anmeldetage-fuer-alle-kindertagesstaetten-in-der-gemeinde-soegel-2","status":"publish","type":"post","link":"https:\/\/www.forum-soegel.de\/information\/2022\/11\/anmeldetage-fuer-alle-kindertagesstaetten-in-der-gemeinde-soegel-2\/","title":{"rendered":"Anmeldetage f\u00fcr alle Kindertagesst\u00e4tten in der Gemeinde S\u00f6gel\u00a0"},"content":{"rendered":"\n<p>S\u00f6gel &#8211; Am Montag, den 28.November 2022 und am Dienstag, den 29. November 2022 k\u00f6nnen Eltern ihre Kinder im Rathaus der Gemeinde S\u00f6gel jeweils in der Zeit von 8.00 Uhr bis 12.00 Uhr und in der Zeit von 14.30 Uhr bis 16.30 Uhr anmelden. Das Betreuungsangebot in der Gemeinde S\u00f6gel ist vielseitig. Es umfasst sowohl Krippenangebote und Tagesm\u00fcttervermittlungen f\u00fcr die 1- bis 3-j\u00e4hrigen Kinder als auch Angebote im KiTa-Bereich f\u00fcr die 3- bis 6-j\u00e4hrigen Kinder, mit oder ohne F\u00f6rderbedarf. Es werden KiTa-Pl\u00e4tze sowohl f\u00fcr den Vormittag als auch f\u00fcr den ganzen Tag angeboten. Bei R\u00fcckfragen melden Sie sich unter der Telefonnummer 0152\/28222233 oder unter Grote@kiga-jakobus.de<\/p>\n\n\n\n<p>Die vier Kindertagesst\u00e4tten laden am 18. November 2022 von 14.00 bis 16.00 Uhr zu \u201eeinem Blick\u201c in ihre Einrichtung ein:<\/p>\n\n\n\n<p>KiTa Sonnenh\u00fcgel Sachsenweg 2 B \u2013<\/p>\n\n\n\n<p>Tr\u00e4ger Gemeinde S\u00f6gel<\/p>\n\n\n\n<p>KiTa Kunterbunt Sesamstrasse 31 \u2013<\/p>\n\n\n\n<p>Tr\u00e4ger Lukas Heim<\/p>\n\n\n\n<p>kath. KiTa Arche Noah Von Steuben Str. 22<\/p>\n\n\n\n<p>das Familienzentrum, kath. KiTa, St. Jakobus Prinzenkamp 1<\/p>\n\n\n\n<p>Text: Irmgard Welling<\/p>\n","protected":false},"excerpt":{"rendered":"S\u00f6gel &#8211; Am Montag, den 28.November 2022 und am Dienstag, den 29. November 2022 k\u00f6nnen Eltern ihre Kinder im Rathaus der Gemeinde S\u00f6gel jeweils in der Zeit von 8.00 Uhr bis 12.00 Uhr und in der Zeit von 14.30 Uhr bis 16.30 Uhr anmelden. Das Betreuungsangebot in der Gemeinde S\u00f6gel ist vielseitig. Es umfasst sowohl [&hellip;]\n","protected":false},"author":2,"featured_media":0,"comment_status":"closed","ping_status":"closed","sticky":false,"template":"","format":"standard","meta":{"ngg_post_thumbnail":0,"footnotes":""},"categories":[11],"tags":[],"class_list":["post-33340","post","type-post","status-publish","format-standard","hentry","category-termine"],"_links":{"self":[{"href":"https:\/\/www.forum-soegel.de\/information\/wp-json\/wp\/v2\/posts\/33340","targetHints":{"allow":["GET"]}}],"collection":[{"href":"https:\/\/www.forum-soegel.de\/information\/wp-json\/wp\/v2\/posts"}],"about":[{"href":"https:\/\/www.forum-soegel.de\/information\/wp-json\/wp\/v2\/types\/post"}],"author":[{"embeddable":true,"href":"https:\/\/www.forum-soegel.de\/information\/wp-json\/wp\/v2\/users\/2"}],"replies":[{"embeddable":true,"href":"https:\/\/www.forum-soegel.de\/information\/wp-json\/wp\/v2\/comments?post=33340"}],"version-history":[{"count":1,"href":"https:\/\/www.forum-soegel.de\/information\/wp-json\/wp\/v2\/posts\/33340\/revisions"}],"predecessor-version":[{"id":33341,"href":"https:\/\/www.forum-soegel.de\/information\/wp-json\/wp\/v2\/posts\/33340\/revisions\/33341"}],"wp:attachment":[{"href":"https:\/\/www.forum-soegel.de\/information\/wp-json\/wp\/v2\/media?parent=33340"}],"wp:term":[{"taxonomy":"category","embeddable":true,"href":"https:\/\/www.forum-soegel.de\/information\/wp-json\/wp\/v2\/categories?post=33340"},{"taxonomy":"post_tag","embeddable":true,"href":"https:\/\/www.forum-soegel.de\/information\/wp-json\/wp\/v2\/tags?post=33340"}],"curies":[{"name":"wp","href":"https:\/\/api.w.org\/{rel}","templated":true}]}}