{"id":33065,"date":"2022-10-01T15:18:51","date_gmt":"2022-10-01T13:18:51","guid":{"rendered":"https:\/\/www.forum-soegel.de\/information\/?p=33065"},"modified":"2022-11-06T17:01:36","modified_gmt":"2022-11-06T16:01:36","slug":"freilandturnier-soegel-2","status":"publish","type":"post","link":"https:\/\/www.forum-soegel.de\/information\/2022\/10\/freilandturnier-soegel-2\/","title":{"rendered":"Freilandturnier S\u00f6gel"},"content":{"rendered":"\n<p>S\u00f6gel &#8211; Bei strahlendem Sonnenschein fand unser Freilandturnier statt. Dabei konnten sowohl Dressur- als auch Springreiter von der F\u00fchrz\u00fcgelklasse bis zur Klasse M* ihr K\u00f6nnen unter Beweis stellen. Wie schon so oft holte Karl-Heinz Markus mit seinem Pferd Cassilia nach einem Stechen im M-Springen den Sieg nach Werlte. Die M-Dressur konnte in diesem Jahr Michelle Dreier mit ihrem Pferd Donna Merci vom RuF Meppen f\u00fcr sich entscheiden. Auch die S\u00f6geler Reiter waren erfolgreich und konnten 12 Schleifen und einen Sieg erreiten. Leider war die Resonanz mit insgesamt 262 Starts in 19 Pr\u00fcfungen deutlich geringer als in den letzten Jahren. Wir hoffen daher auf ein besseres Starterfeld im n\u00e4chsten Jahr.<\/p>\n\n\n\n<p>Text\/Foto: Melanie Rump und Lena Gerdes<\/p>\n\n\n\n<figure class=\"wp-block-image size-full\"><a href=\"https:\/\/www.forum-soegel.de\/information\/wp-content\/uploads\/2022\/11\/Freilandturnier-Si\u2560egel.jpeg\"><img loading=\"lazy\" decoding=\"async\" width=\"1024\" height=\"768\" src=\"https:\/\/www.forum-soegel.de\/information\/wp-content\/uploads\/2022\/11\/Freilandturnier-Si\u2560egel.jpeg\" alt=\"\" class=\"wp-image-33066\" srcset=\"https:\/\/www.forum-soegel.de\/information\/wp-content\/uploads\/2022\/11\/Freilandturnier-Si\u2560egel.jpeg 1024w, https:\/\/www.forum-soegel.de\/information\/wp-content\/uploads\/2022\/11\/Freilandturnier-Si\u2560egel-300x225.jpeg 300w, https:\/\/www.forum-soegel.de\/information\/wp-content\/uploads\/2022\/11\/Freilandturnier-Si\u2560egel-768x576.jpeg 768w\" sizes=\"auto, (max-width: 1024px) 100vw, 1024px\" \/><\/a><figcaption class=\"wp-element-caption\">Teilnehmer der F\u00fchrz\u00fcgelklasse<\/figcaption><\/figure>\n","protected":false},"excerpt":{"rendered":"S\u00f6gel &#8211; Bei strahlendem Sonnenschein fand unser Freilandturnier statt. Dabei konnten sowohl Dressur- als auch Springreiter von der F\u00fchrz\u00fcgelklasse bis zur Klasse M* ihr K\u00f6nnen unter Beweis stellen. Wie schon so oft holte Karl-Heinz Markus mit seinem Pferd Cassilia nach einem Stechen im M-Springen den Sieg nach Werlte. Die M-Dressur konnte in diesem Jahr Michelle [&hellip;]\n","protected":false},"author":2,"featured_media":0,"comment_status":"closed","ping_status":"closed","sticky":false,"template":"","format":"standard","meta":{"ngg_post_thumbnail":0,"footnotes":""},"categories":[5],"tags":[],"class_list":["post-33065","post","type-post","status-publish","format-standard","hentry","category-was-machen-die-vereine"],"_links":{"self":[{"href":"https:\/\/www.forum-soegel.de\/information\/wp-json\/wp\/v2\/posts\/33065","targetHints":{"allow":["GET"]}}],"collection":[{"href":"https:\/\/www.forum-soegel.de\/information\/wp-json\/wp\/v2\/posts"}],"about":[{"href":"https:\/\/www.forum-soegel.de\/information\/wp-json\/wp\/v2\/types\/post"}],"author":[{"embeddable":true,"href":"https:\/\/www.forum-soegel.de\/information\/wp-json\/wp\/v2\/users\/2"}],"replies":[{"embeddable":true,"href":"https:\/\/www.forum-soegel.de\/information\/wp-json\/wp\/v2\/comments?post=33065"}],"version-history":[{"count":1,"href":"https:\/\/www.forum-soegel.de\/information\/wp-json\/wp\/v2\/posts\/33065\/revisions"}],"predecessor-version":[{"id":33067,"href":"https:\/\/www.forum-soegel.de\/information\/wp-json\/wp\/v2\/posts\/33065\/revisions\/33067"}],"wp:attachment":[{"href":"https:\/\/www.forum-soegel.de\/information\/wp-json\/wp\/v2\/media?parent=33065"}],"wp:term":[{"taxonomy":"category","embeddable":true,"href":"https:\/\/www.forum-soegel.de\/information\/wp-json\/wp\/v2\/categories?post=33065"},{"taxonomy":"post_tag","embeddable":true,"href":"https:\/\/www.forum-soegel.de\/information\/wp-json\/wp\/v2\/tags?post=33065"}],"curies":[{"name":"wp","href":"https:\/\/api.w.org\/{rel}","templated":true}]}}