{"id":33056,"date":"2022-10-01T15:10:30","date_gmt":"2022-10-01T13:10:30","guid":{"rendered":"https:\/\/www.forum-soegel.de\/information\/?p=33056"},"modified":"2022-11-06T15:16:06","modified_gmt":"2022-11-06T14:16:06","slug":"nebelmaschine-und-wasserspiele","status":"publish","type":"post","link":"https:\/\/www.forum-soegel.de\/information\/2022\/10\/nebelmaschine-und-wasserspiele\/","title":{"rendered":"Nebelmaschine und Wasserspiele"},"content":{"rendered":"\n<p><strong>Ferienpassaktion bei der Feuerwehr Spahnharrenst\u00e4tte<\/strong><\/p>\n\n\n\n<p>Spahnharrenst\u00e4tte &#8211; Mit gro\u00dfer Begeisterung fand bei bestem Wetter die Ferienpassaktion der Feuerwehr Spahnharrenst\u00e4tte statt. Die 16 Kinder konnten sich die R\u00e4umlichkeiten, Fahrzeuge und Ger\u00e4tschaften der Feuerwehr anschauen und erkl\u00e4ren lassen. Kleine \u201eWasserspiele\u201c und die Handhabung eines Strahlrohres geh\u00f6rten zu den H\u00f6hepunkten des Nachmittages. Interessant war die Vorf\u00fchrung mit der neuen Nebelmaschine, die es den Feuerwehrleuten erlaubt, unter realen Bedingungen mit Atemschutz in vernebelten R\u00e4umen zu \u00fcben. Als Belohnung f\u00fcr das aktive Mitmachen erhielt jedes Kind eine Teilnahmeurkunde, und eine Bratwurst durfte ebenfalls nicht fehlen. Die jungen G\u00e4ste hatten m\u00e4chtig Spa\u00df an dem Nachmittag, wie seitens der Feuerwehr betont wurde. Das sei Motivation, auch im n\u00e4chsten Jahr wieder zur Ferienpassaktion einzuladen.<\/p>\n\n\n\n<p>Text\/Fotos: Feuerwehr Spahnharrenst\u00e4tte<\/p>\n\n\n\n<figure class=\"wp-block-gallery has-nested-images columns-default is-cropped wp-block-gallery-1 is-layout-flex wp-block-gallery-is-layout-flex\">\n<figure class=\"wp-block-image size-large\"><img loading=\"lazy\" decoding=\"async\" width=\"1024\" height=\"768\" data-id=\"33058\" src=\"https:\/\/www.forum-soegel.de\/information\/wp-content\/uploads\/2022\/11\/Ferienpassaktion-bei-der-Feuerwehr-SpahnharrenstN\u2560atte-3.jpg\" alt=\"\" class=\"wp-image-33058\" srcset=\"https:\/\/www.forum-soegel.de\/information\/wp-content\/uploads\/2022\/11\/Ferienpassaktion-bei-der-Feuerwehr-SpahnharrenstN\u2560atte-3.jpg 1024w, https:\/\/www.forum-soegel.de\/information\/wp-content\/uploads\/2022\/11\/Ferienpassaktion-bei-der-Feuerwehr-SpahnharrenstN\u2560atte-3-300x225.jpg 300w, https:\/\/www.forum-soegel.de\/information\/wp-content\/uploads\/2022\/11\/Ferienpassaktion-bei-der-Feuerwehr-SpahnharrenstN\u2560atte-3-768x576.jpg 768w\" sizes=\"auto, (max-width: 1024px) 100vw, 1024px\" \/><\/figure>\n\n\n\n<figure class=\"wp-block-image size-large\"><img loading=\"lazy\" decoding=\"async\" width=\"576\" height=\"768\" data-id=\"33057\" src=\"https:\/\/www.forum-soegel.de\/information\/wp-content\/uploads\/2022\/11\/Ferienpassaktion-bei-der-Feuerwehr-SpahnharrenstN\u2560atte-2.jpg\" alt=\"\" class=\"wp-image-33057\" srcset=\"https:\/\/www.forum-soegel.de\/information\/wp-content\/uploads\/2022\/11\/Ferienpassaktion-bei-der-Feuerwehr-SpahnharrenstN\u2560atte-2.jpg 576w, https:\/\/www.forum-soegel.de\/information\/wp-content\/uploads\/2022\/11\/Ferienpassaktion-bei-der-Feuerwehr-SpahnharrenstN\u2560atte-2-225x300.jpg 225w\" sizes=\"auto, (max-width: 576px) 100vw, 576px\" \/><\/figure>\n<\/figure>\n\n\n\n<p>Einmal ein richtiges Strahlrohr in die Hand zu nehmen, war f\u00fcr die G\u00e4ste der Ferienpassaktion der Feuerwehr Spahnharrenst\u00e4tte ein besonderes Highlight.<\/p>\n\n\n\n<figure class=\"wp-block-image size-full\"><img loading=\"lazy\" decoding=\"async\" width=\"540\" height=\"768\" src=\"https:\/\/www.forum-soegel.de\/information\/wp-content\/uploads\/2022\/11\/Ferienpassaktion-bei-der-Feuerwehr-SpahnharrenstN\u2560atte-1.jpg\" alt=\"\" class=\"wp-image-33059\" srcset=\"https:\/\/www.forum-soegel.de\/information\/wp-content\/uploads\/2022\/11\/Ferienpassaktion-bei-der-Feuerwehr-SpahnharrenstN\u2560atte-1.jpg 540w, https:\/\/www.forum-soegel.de\/information\/wp-content\/uploads\/2022\/11\/Ferienpassaktion-bei-der-Feuerwehr-SpahnharrenstN\u2560atte-1-211x300.jpg 211w\" sizes=\"auto, (max-width: 540px) 100vw, 540px\" \/><figcaption class=\"wp-element-caption\">Mit einer originellen Urkunde wurde die Teilnahme der Kinder an der Feuerwehraktion bescheinigt.<\/figcaption><\/figure>\n","protected":false},"excerpt":{"rendered":"Ferienpassaktion bei der Feuerwehr Spahnharrenst\u00e4tte Spahnharrenst\u00e4tte &#8211; Mit gro\u00dfer Begeisterung fand bei bestem Wetter die Ferienpassaktion der Feuerwehr Spahnharrenst\u00e4tte statt. Die 16 Kinder konnten sich die R\u00e4umlichkeiten, Fahrzeuge und Ger\u00e4tschaften der Feuerwehr anschauen und erkl\u00e4ren lassen. Kleine \u201eWasserspiele\u201c und die Handhabung eines Strahlrohres geh\u00f6rten zu den H\u00f6hepunkten des Nachmittages. Interessant war die Vorf\u00fchrung mit der [&hellip;]\n","protected":false},"author":2,"featured_media":0,"comment_status":"closed","ping_status":"closed","sticky":false,"template":"","format":"standard","meta":{"ngg_post_thumbnail":0,"footnotes":""},"categories":[5],"tags":[],"class_list":["post-33056","post","type-post","status-publish","format-standard","hentry","category-was-machen-die-vereine"],"_links":{"self":[{"href":"https:\/\/www.forum-soegel.de\/information\/wp-json\/wp\/v2\/posts\/33056","targetHints":{"allow":["GET"]}}],"collection":[{"href":"https:\/\/www.forum-soegel.de\/information\/wp-json\/wp\/v2\/posts"}],"about":[{"href":"https:\/\/www.forum-soegel.de\/information\/wp-json\/wp\/v2\/types\/post"}],"author":[{"embeddable":true,"href":"https:\/\/www.forum-soegel.de\/information\/wp-json\/wp\/v2\/users\/2"}],"replies":[{"embeddable":true,"href":"https:\/\/www.forum-soegel.de\/information\/wp-json\/wp\/v2\/comments?post=33056"}],"version-history":[{"count":4,"href":"https:\/\/www.forum-soegel.de\/information\/wp-json\/wp\/v2\/posts\/33056\/revisions"}],"predecessor-version":[{"id":33064,"href":"https:\/\/www.forum-soegel.de\/information\/wp-json\/wp\/v2\/posts\/33056\/revisions\/33064"}],"wp:attachment":[{"href":"https:\/\/www.forum-soegel.de\/information\/wp-json\/wp\/v2\/media?parent=33056"}],"wp:term":[{"taxonomy":"category","embeddable":true,"href":"https:\/\/www.forum-soegel.de\/information\/wp-json\/wp\/v2\/categories?post=33056"},{"taxonomy":"post_tag","embeddable":true,"href":"https:\/\/www.forum-soegel.de\/information\/wp-json\/wp\/v2\/tags?post=33056"}],"curies":[{"name":"wp","href":"https:\/\/api.w.org\/{rel}","templated":true}]}}